{"id":63142,"date":"2025-12-23T09:52:13","date_gmt":"2025-12-23T12:52:13","guid":{"rendered":"https:\/\/www.sincomam.org.br\/?p=63142"},"modified":"2025-12-23T09:52:13","modified_gmt":"2025-12-23T12:52:13","slug":"governo-do-rio-de-janeiro-cria-programa-para-reforcar-fiscalizacao-e-acoes-de-seguranca-nos-portos","status":"publish","type":"post","link":"https:\/\/www.sincomam.org.br\/index.php\/governo-do-rio-de-janeiro-cria-programa-para-reforcar-fiscalizacao-e-acoes-de-seguranca-nos-portos\/","title":{"rendered":"Governo do Rio de Janeiro cria programa para refor\u00e7ar fiscaliza\u00e7\u00e3o e a\u00e7\u00f5es de seguran\u00e7a nos portos"},"content":{"rendered":"<p>O governo estadual anunciou na sexta-feira (19) a cria\u00e7\u00e3o da Opera\u00e7\u00e3o Porto+Seguro para melhorar a fiscaliza\u00e7\u00e3o, o monitoramento e o apoio operacional nas \u00e1reas portu\u00e1rias, navais e costeiras do estado do Rio de Janeiro. Decreto assinado pelo governador Cl\u00e1udio Castro regulamenta o funcionamento da Subsecretaria de Gest\u00e3o Portu\u00e1ria e Atividades Navais (Subpan), vinculada \u00e0 Casa Civil, que ser\u00e1 respons\u00e1vel pela coordena\u00e7\u00e3o das opera\u00e7\u00f5es, que, segundo o governo, visa a combater a\u00e7\u00f5es do crime organizado.<\/p>\n<p>O decreto criou ainda o Centro Integrado de Informa\u00e7\u00f5es (CII), cuja base ser\u00e1 instalada na \u00e1rea antes ocupada pelo Estaleiro Caneco, no bairro do Caju, em dois cont\u00eaineres, e ter\u00e1 como tarefa o monitoramento de embarca\u00e7\u00f5es e a produ\u00e7\u00e3o de informa\u00e7\u00f5es para subsidiar a\u00e7\u00f5es do governo estadual. Ele dever\u00e1 tamb\u00e9m fiscalizar cargas e identificar irregularidades ligadas \u00e0 movimenta\u00e7\u00e3o nos portos do estado. Para isso, contar\u00e1 com cinco carros, uma lancha, dois cont\u00eaineres, duas motocicletas n\u00e1uticas e um drone.<\/p>\n<p>O governo anunciou ainda que os policiais que ser\u00e3o incorporados ao programa, no mesmo modelo do Seguran\u00e7a Presente, receber\u00e3o gratifica\u00e7\u00e3o de R$ 4 mil. A subsecret\u00e1ria da Subpan, Patr\u00edcia Seabra, explicou que o objetivo do Porto+Seguro \u00e9 ampliar a coopera\u00e7\u00e3o entre institui\u00e7\u00f5es e a capacidade de planejamento, intelig\u00eancia e resposta do estado a crimes em \u00e1reas portu\u00e1rios e seus acessos. \u201dO Centro Integrado de Informa\u00e7\u00f5es ser\u00e1 fundamental para elevar o padr\u00e3o operacional e garantir mais efici\u00eancia em todo o ambiente portu\u00e1rio e naval\u201d, afirmou.<\/p>\n<p>Fonte: Portos e Navios<\/p>\n","protected":false},"excerpt":{"rendered":"<p>O governo estadual anunciou na sexta-feira (19) a cria\u00e7\u00e3o da Opera\u00e7\u00e3o Porto+Seguro para melhorar a fiscaliza\u00e7\u00e3o, o monitoramento e o apoio operacional nas \u00e1reas portu\u00e1rias,&#8230;<\/p>\n","protected":false},"author":1527,"featured_media":63143,"comment_status":"closed","ping_status":"closed","sticky":false,"template":"","format":"standard","meta":{"footnotes":""},"categories":[6],"tags":[],"class_list":["post-63142","post","type-post","status-publish","format-standard","has-post-thumbnail","hentry","category-noticias"],"_links":{"self":[{"href":"https:\/\/www.sincomam.org.br\/index.php\/wp-json\/wp\/v2\/posts\/63142","targetHints":{"allow":["GET"]}}],"collection":[{"href":"https:\/\/www.sincomam.org.br\/index.php\/wp-json\/wp\/v2\/posts"}],"about":[{"href":"https:\/\/www.sincomam.org.br\/index.php\/wp-json\/wp\/v2\/types\/post"}],"author":[{"embeddable":true,"href":"https:\/\/www.sincomam.org.br\/index.php\/wp-json\/wp\/v2\/users\/1527"}],"replies":[{"embeddable":true,"href":"https:\/\/www.sincomam.org.br\/index.php\/wp-json\/wp\/v2\/comments?post=63142"}],"version-history":[{"count":1,"href":"https:\/\/www.sincomam.org.br\/index.php\/wp-json\/wp\/v2\/posts\/63142\/revisions"}],"predecessor-version":[{"id":63144,"href":"https:\/\/www.sincomam.org.br\/index.php\/wp-json\/wp\/v2\/posts\/63142\/revisions\/63144"}],"wp:featuredmedia":[{"embeddable":true,"href":"https:\/\/www.sincomam.org.br\/index.php\/wp-json\/wp\/v2\/media\/63143"}],"wp:attachment":[{"href":"https:\/\/www.sincomam.org.br\/index.php\/wp-json\/wp\/v2\/media?parent=63142"}],"wp:term":[{"taxonomy":"category","embeddable":true,"href":"https:\/\/www.sincomam.org.br\/index.php\/wp-json\/wp\/v2\/categories?post=63142"},{"taxonomy":"post_tag","embeddable":true,"href":"https:\/\/www.sincomam.org.br\/index.php\/wp-json\/wp\/v2\/tags?post=63142"}],"curies":[{"name":"wp","href":"https:\/\/api.w.org\/{rel}","templated":true}]}}