{"id":63125,"date":"2025-12-22T10:51:44","date_gmt":"2025-12-22T13:51:44","guid":{"rendered":"https:\/\/www.sincomam.org.br\/?p=63125"},"modified":"2025-12-22T10:56:39","modified_gmt":"2025-12-22T13:56:39","slug":"mesmo-com-vazamento-sanado-plataforma-da-petrobras-segue-sem-producao","status":"publish","type":"post","link":"https:\/\/www.sincomam.org.br\/index.php\/mesmo-com-vazamento-sanado-plataforma-da-petrobras-segue-sem-producao\/","title":{"rendered":"Mesmo com vazamento sanado, plataforma da Petrobras segue sem produ\u00e7\u00e3o"},"content":{"rendered":"<p>A plataforma de produ\u00e7\u00e3o de petr\u00f3leo e g\u00e1s P-40, da Petrobras, segue com a opera\u00e7\u00e3o interrompida nesta sexta-feira (19), ap\u00f3s a\u00a0identifica\u00e7\u00e3o de um vazamento\u00a0de g\u00e1s na quinta-feira (18).<img decoding=\"async\" src=\"https:\/\/agenciabrasil.ebc.com.br\/ebc.png?id=1672776&amp;o=node\" \/><img decoding=\"async\" src=\"https:\/\/agenciabrasil.ebc.com.br\/ebc.gif?id=1672776&amp;o=node\" \/><\/p>\n<p><strong>A estrutura fica no campo de Marlim Sul, na Bacia de Campos, costa do Rio de Janeiro, e registra ades\u00e3o \u00e0 greve nacional de petroleiros, iniciada na segunda-feira (15).<\/strong><\/p>\n<p>Segundo a Petrobras, ao ser detectado, o vazamento foi imediatamente controlado de forma segura pela equipe a bordo da plataforma.<\/p>\n<p><strong>\u201cComo medida preventiva, todas as linhas foram despressurizadas, e a produ\u00e7\u00e3o da unidade foi temporariamente paralisada\u201d, afirmou a estatal em comunicado.<\/strong><\/p>\n<p>A companhia acrescenta que n\u00e3o houve amea\u00e7a \u00e0 seguran\u00e7a das equipes. A empresa vai criar uma comiss\u00e3o especial para \u201cinvestigar minuciosamente as causas do vazamento\u201d.<\/p>\n<p><strong>A produ\u00e7\u00e3o das demais plataformas da Bacia de Campos segue normalmente.<\/strong><\/p>\n<h2>Volta da opera\u00e7\u00e3o<\/h2>\n<p>Procurada pela<strong>\u00a0Ag\u00eancia Brasil<\/strong>, a Ag\u00eancia Nacional do Petr\u00f3leo, G\u00e1s Natural e Biocombust\u00edveis (ANP)\u00a0informou que acompanha a ocorr\u00eancia e que n\u00e3o h\u00e1 registro de v\u00edtimas nem impacto ambiental.<\/p>\n<p>A ANP, vinculada ao Minist\u00e9rio de Minas e Energia, \u00e9 o \u00f3rg\u00e3o regulador da ind\u00fastria do petr\u00f3leo no pa\u00eds.<\/p>\n<p>Segundo a ag\u00eancia, a Petrobras informou que os reparos est\u00e3o em andamento. \u201cO retorno \u00e0 produ\u00e7\u00e3o estar\u00e1 condicionado \u00e0 verifica\u00e7\u00e3o de seguran\u00e7a e apresenta\u00e7\u00e3o de evid\u00eancias t\u00e9cnicas \u00e0 ANP\u201d, assinala o \u00f3rg\u00e3o.<\/p>\n<p>A ANP solicitou \u00e0 Petrobras informa\u00e7\u00f5es detalhadas sobre a ocorr\u00eancia, medidas adotadas e eventuais impactos, al\u00e9m de relat\u00f3rio t\u00e9cnico no prazo de 30 dias, \u201cinferior ao m\u00e1ximo previsto na regula\u00e7\u00e3o (90 dias), devido \u00e0 criticidade do evento\u201d.<\/p>\n<h2>Greve<\/h2>\n<p>A greve nacional de petroleiros da companhia entrou no quinto dia. A Federa\u00e7\u00e3o \u00danica dos Petroleiros (FUP) aponta que a P-40 estava sob controle de equipes de conting\u00eancia, quando aconteceu o vazamento.<\/p>\n<p><strong>De acordo com sindicatos ligados \u00e0 FUP, \u201co epis\u00f3dio exp\u00f5e riscos decorrentes da defini\u00e7\u00e3o unilateral das conting\u00eancias pela empresa\u201d.<\/strong><\/p>\n<p>A estatal descarta a correla\u00e7\u00e3o e diz que \u201co incidente n\u00e3o tem rela\u00e7\u00e3o com o movimento de paralisa\u00e7\u00e3o de trabalhadores da Petrobras\u201d.<\/p>\n<h2>Reivindica\u00e7\u00e3o<\/h2>\n<p>A categoria cruzou os bra\u00e7os por impasse em rela\u00e7\u00e3o as seguintes reivindica\u00e7\u00f5es:<\/p>\n<ul>\n<li>\u00a0Melhorias no plano de cargos e sal\u00e1rios;<\/li>\n<li>\u00a0Solu\u00e7\u00e3o para os Planos de Equacionamento de D\u00e9ficit (PEDs) da Petros (fundo de pens\u00e3o da categoria);<\/li>\n<li>\u00a0Defesa da pauta Brasil Soberano, que defende a manuten\u00e7\u00e3o da Petrobras como empresa p\u00fablica e um modelo de neg\u00f3cios voltado ao fortalecimento da estatal.<\/li>\n<\/ul>\n<p>Segundo a FUP, entre as unidades com ades\u00e3o \u00e0 greve est\u00e3o nove refinarias, 28 plataformas de produ\u00e7\u00e3o mar\u00edtima, 16 terminais operacionais, quatro termel\u00e9tricas, duas usinas de biodiesel e dez instala\u00e7\u00f5es terrestres operacionais.<\/p>\n<p>Fonte: Ag\u00eancia Brasil<\/p>\n","protected":false},"excerpt":{"rendered":"<p>A plataforma de produ\u00e7\u00e3o de petr\u00f3leo e g\u00e1s P-40, da Petrobras, segue com a opera\u00e7\u00e3o interrompida nesta sexta-feira (19), ap\u00f3s a\u00a0identifica\u00e7\u00e3o de um vazamento\u00a0de g\u00e1s&#8230;<\/p>\n","protected":false},"author":1527,"featured_media":63126,"comment_status":"closed","ping_status":"closed","sticky":false,"template":"","format":"standard","meta":{"footnotes":""},"categories":[6],"tags":[],"class_list":["post-63125","post","type-post","status-publish","format-standard","has-post-thumbnail","hentry","category-noticias"],"_links":{"self":[{"href":"https:\/\/www.sincomam.org.br\/index.php\/wp-json\/wp\/v2\/posts\/63125","targetHints":{"allow":["GET"]}}],"collection":[{"href":"https:\/\/www.sincomam.org.br\/index.php\/wp-json\/wp\/v2\/posts"}],"about":[{"href":"https:\/\/www.sincomam.org.br\/index.php\/wp-json\/wp\/v2\/types\/post"}],"author":[{"embeddable":true,"href":"https:\/\/www.sincomam.org.br\/index.php\/wp-json\/wp\/v2\/users\/1527"}],"replies":[{"embeddable":true,"href":"https:\/\/www.sincomam.org.br\/index.php\/wp-json\/wp\/v2\/comments?post=63125"}],"version-history":[{"count":1,"href":"https:\/\/www.sincomam.org.br\/index.php\/wp-json\/wp\/v2\/posts\/63125\/revisions"}],"predecessor-version":[{"id":63127,"href":"https:\/\/www.sincomam.org.br\/index.php\/wp-json\/wp\/v2\/posts\/63125\/revisions\/63127"}],"wp:featuredmedia":[{"embeddable":true,"href":"https:\/\/www.sincomam.org.br\/index.php\/wp-json\/wp\/v2\/media\/63126"}],"wp:attachment":[{"href":"https:\/\/www.sincomam.org.br\/index.php\/wp-json\/wp\/v2\/media?parent=63125"}],"wp:term":[{"taxonomy":"category","embeddable":true,"href":"https:\/\/www.sincomam.org.br\/index.php\/wp-json\/wp\/v2\/categories?post=63125"},{"taxonomy":"post_tag","embeddable":true,"href":"https:\/\/www.sincomam.org.br\/index.php\/wp-json\/wp\/v2\/tags?post=63125"}],"curies":[{"name":"wp","href":"https:\/\/api.w.org\/{rel}","templated":true}]}}