{"id":63113,"date":"2025-12-22T07:40:10","date_gmt":"2025-12-22T10:40:10","guid":{"rendered":"https:\/\/www.sincomam.org.br\/?p=63113"},"modified":"2025-12-22T07:40:10","modified_gmt":"2025-12-22T10:40:10","slug":"derrocagem-de-rocha-submersa-e-reiniciada-no-porto-de-sao-francisco-do-sul","status":"publish","type":"post","link":"https:\/\/www.sincomam.org.br\/index.php\/derrocagem-de-rocha-submersa-e-reiniciada-no-porto-de-sao-francisco-do-sul\/","title":{"rendered":"Derrocagem de rocha submersa \u00e9 reiniciada no Porto de S\u00e3o Francisco do Sul"},"content":{"rendered":"<p>A administra\u00e7\u00e3o portu\u00e1ria de S\u00e3o Francisco do Sul, em Santa Catarina, informou, nesta sexta-feira (19), que foram reiniciados os trabalhos para a retirada de uma rocha de 370 metros c\u00fabicos que est\u00e1 a 10,5 metros de profundidade pr\u00f3ximo a um dos ber\u00e7os de atraca\u00e7\u00e3o. A obra, explicou a autoridade portu\u00e1ria, visa garantir profundidade de 14 metros no local e \u00e9 feita em duas etapas, tendo a primeira sido realizada em janeiro e durado um m\u00eas para n\u00e3o paralisar por per\u00edodo longo o ber\u00e7o, que recebe graneleiros.<\/p>\n<p>A retomada coincide com o fim da safra de soja. A autoridade portu\u00e1ria explicou que, por causa da pedra, as embarca\u00e7\u00f5es t\u00eam que fazer manobra extra para continuar o carregamento sem que o fundo da encoste nela. Isso aumenta o tempo de movimenta\u00e7\u00e3o e at\u00e9 em R$ 100 mil o custo por cada atraca\u00e7\u00e3o. O aumento da profundidade permitir\u00e1 o embarque de mais 1,5 mil toneladas em cada navio.<\/p>\n<p>A derrocagem \u00e9 feita sem o uso de explosivos, atendendo a condicionante imposta pelo Instituto Brasileiro do Meio Ambiente e dos Recursos Naturais Renov\u00e1veis (Ibama) para conceder a licen\u00e7a ambiental do Ibama. S\u00e3o usados martelos de fundo e rompedores hidr\u00e1ulicos para fragmentar a rocha e um guindaste para retirar o material, o que reduz o impacto sobre o ambiente.<\/p>\n<p>Fonte: Portos e Navios<\/p>\n","protected":false},"excerpt":{"rendered":"<p>A administra\u00e7\u00e3o portu\u00e1ria de S\u00e3o Francisco do Sul, em Santa Catarina, informou, nesta sexta-feira (19), que foram reiniciados os trabalhos para a retirada de uma&#8230;<\/p>\n","protected":false},"author":1527,"featured_media":63114,"comment_status":"closed","ping_status":"closed","sticky":false,"template":"","format":"standard","meta":{"footnotes":""},"categories":[6],"tags":[],"class_list":["post-63113","post","type-post","status-publish","format-standard","has-post-thumbnail","hentry","category-noticias"],"_links":{"self":[{"href":"https:\/\/www.sincomam.org.br\/index.php\/wp-json\/wp\/v2\/posts\/63113","targetHints":{"allow":["GET"]}}],"collection":[{"href":"https:\/\/www.sincomam.org.br\/index.php\/wp-json\/wp\/v2\/posts"}],"about":[{"href":"https:\/\/www.sincomam.org.br\/index.php\/wp-json\/wp\/v2\/types\/post"}],"author":[{"embeddable":true,"href":"https:\/\/www.sincomam.org.br\/index.php\/wp-json\/wp\/v2\/users\/1527"}],"replies":[{"embeddable":true,"href":"https:\/\/www.sincomam.org.br\/index.php\/wp-json\/wp\/v2\/comments?post=63113"}],"version-history":[{"count":1,"href":"https:\/\/www.sincomam.org.br\/index.php\/wp-json\/wp\/v2\/posts\/63113\/revisions"}],"predecessor-version":[{"id":63115,"href":"https:\/\/www.sincomam.org.br\/index.php\/wp-json\/wp\/v2\/posts\/63113\/revisions\/63115"}],"wp:featuredmedia":[{"embeddable":true,"href":"https:\/\/www.sincomam.org.br\/index.php\/wp-json\/wp\/v2\/media\/63114"}],"wp:attachment":[{"href":"https:\/\/www.sincomam.org.br\/index.php\/wp-json\/wp\/v2\/media?parent=63113"}],"wp:term":[{"taxonomy":"category","embeddable":true,"href":"https:\/\/www.sincomam.org.br\/index.php\/wp-json\/wp\/v2\/categories?post=63113"},{"taxonomy":"post_tag","embeddable":true,"href":"https:\/\/www.sincomam.org.br\/index.php\/wp-json\/wp\/v2\/tags?post=63113"}],"curies":[{"name":"wp","href":"https:\/\/api.w.org\/{rel}","templated":true}]}}