{"id":63093,"date":"2025-12-19T10:59:50","date_gmt":"2025-12-19T13:59:50","guid":{"rendered":"https:\/\/www.sincomam.org.br\/?p=63093"},"modified":"2025-12-19T10:59:50","modified_gmt":"2025-12-19T13:59:50","slug":"canal-e-bercos-de-santos-passarao-por-dragagem-programada-ate-final-de-fevereiro-2","status":"publish","type":"post","link":"https:\/\/www.sincomam.org.br\/index.php\/canal-e-bercos-de-santos-passarao-por-dragagem-programada-ate-final-de-fevereiro-2\/","title":{"rendered":"Canal e ber\u00e7os de Santos passar\u00e3o por dragagem programada at\u00e9 final de fevereiro"},"content":{"rendered":"<p>A Autoridade Portu\u00e1ria de Santos (APS) anunciou que iniciar\u00e1, no pr\u00f3ximo domingo (21), at\u00e9 o dia 28 de fevereiro de 2026, a dragagem programada no canal de navega\u00e7\u00e3o e ber\u00e7os de atraca\u00e7\u00e3o do Porto de Santos. De acordo com a APS, o servi\u00e7o \u00e9 feito costumeiramente nos per\u00edodos de maior deposi\u00e7\u00e3o de sedimentos, no ver\u00e3o por causa das chuvas e no inverno, devido \u00e0s ressacas.<\/p>\n<p>A APS informou que o objetivo do trabalho \u00e9 manter em 15 metros a profundidade. O presidente da autoridade portu\u00e1ria, Anderson Pomini, explicou que a dragagem \u00e9 essencial para manter a competitividade do complexo portu\u00e1rio e as condi\u00e7\u00f5es ideais de navega\u00e7\u00e3o e atraca\u00e7\u00e3o e que j\u00e1 est\u00e3o sendo feitas obras de derrocamento, com retirada de rochas do fundo do canal, para a profundidade para 16 metros.<\/p>\n<p>De acordo com a APS, a dragagem mais recente foi feita em julho, com a retirada de cerca de 400.000 metros c\u00fabicos (m\u00b3) de sedimentos, que foram depositados no Pol\u00edgono de Disposi\u00e7\u00e3o Oce\u00e2nica (PDO), a aproximadamente 12 quil\u00f4metros da entrada do porto. Segundo a entidade, a \u00e1rea \u00e9 licenciada pelo Instituto Brasileiro do Meio Ambiente e dos Recursos Naturais Renov\u00e1veis (Ibama) para receber o material.<\/p>\n<div class=\"addtoany_container\">Fonte: Portos e Navios<\/div>\n","protected":false},"excerpt":{"rendered":"<p>A Autoridade Portu\u00e1ria de Santos (APS) anunciou que iniciar\u00e1, no pr\u00f3ximo domingo (21), at\u00e9 o dia 28 de fevereiro de 2026, a dragagem programada no&#8230;<\/p>\n","protected":false},"author":1527,"featured_media":63094,"comment_status":"closed","ping_status":"closed","sticky":false,"template":"","format":"standard","meta":{"footnotes":""},"categories":[6],"tags":[],"class_list":["post-63093","post","type-post","status-publish","format-standard","has-post-thumbnail","hentry","category-noticias"],"_links":{"self":[{"href":"https:\/\/www.sincomam.org.br\/index.php\/wp-json\/wp\/v2\/posts\/63093","targetHints":{"allow":["GET"]}}],"collection":[{"href":"https:\/\/www.sincomam.org.br\/index.php\/wp-json\/wp\/v2\/posts"}],"about":[{"href":"https:\/\/www.sincomam.org.br\/index.php\/wp-json\/wp\/v2\/types\/post"}],"author":[{"embeddable":true,"href":"https:\/\/www.sincomam.org.br\/index.php\/wp-json\/wp\/v2\/users\/1527"}],"replies":[{"embeddable":true,"href":"https:\/\/www.sincomam.org.br\/index.php\/wp-json\/wp\/v2\/comments?post=63093"}],"version-history":[{"count":1,"href":"https:\/\/www.sincomam.org.br\/index.php\/wp-json\/wp\/v2\/posts\/63093\/revisions"}],"predecessor-version":[{"id":63095,"href":"https:\/\/www.sincomam.org.br\/index.php\/wp-json\/wp\/v2\/posts\/63093\/revisions\/63095"}],"wp:featuredmedia":[{"embeddable":true,"href":"https:\/\/www.sincomam.org.br\/index.php\/wp-json\/wp\/v2\/media\/63094"}],"wp:attachment":[{"href":"https:\/\/www.sincomam.org.br\/index.php\/wp-json\/wp\/v2\/media?parent=63093"}],"wp:term":[{"taxonomy":"category","embeddable":true,"href":"https:\/\/www.sincomam.org.br\/index.php\/wp-json\/wp\/v2\/categories?post=63093"},{"taxonomy":"post_tag","embeddable":true,"href":"https:\/\/www.sincomam.org.br\/index.php\/wp-json\/wp\/v2\/tags?post=63093"}],"curies":[{"name":"wp","href":"https:\/\/api.w.org\/{rel}","templated":true}]}}