{"id":63083,"date":"2025-12-18T11:35:39","date_gmt":"2025-12-18T14:35:39","guid":{"rendered":"https:\/\/www.sincomam.org.br\/?p=63083"},"modified":"2025-12-18T11:35:39","modified_gmt":"2025-12-18T14:35:39","slug":"no-3o-dia-de-paralisacao-greve-na-petrobras-chega-a-28-plataformas","status":"publish","type":"post","link":"https:\/\/www.sincomam.org.br\/index.php\/no-3o-dia-de-paralisacao-greve-na-petrobras-chega-a-28-plataformas\/","title":{"rendered":"No 3\u00ba dia de paralisa\u00e7\u00e3o, greve na Petrobras chega a 28 plataformas"},"content":{"rendered":"<p>A greve de petroleiros da\u00a0Petrobras\u00a0chegou ao terceiro dia nesta quarta-feira (17).<strong>\u00a0De acordo com a Federa\u00e7\u00e3o \u00danica dos Petroleiros (FUP)<\/strong>, que representa a categoria,\u00a0<strong>o movimento grevista tem 100% de ades\u00e3o do sistema Petrobras nas 28 plataformas da Bacia de Campos, na costa do Rio de Janeiro.<\/strong><img decoding=\"async\" src=\"https:\/\/agenciabrasil.ebc.com.br\/ebc.png?id=1672476&amp;o=node\" \/><img decoding=\"async\" src=\"https:\/\/agenciabrasil.ebc.com.br\/ebc.gif?id=1672476&amp;o=node\" \/><\/p>\n<p>Nessas plataformas, al\u00e9m de funcion\u00e1rios da Petrobras, h\u00e1 grande participa\u00e7\u00e3o de m\u00e3o de obra de empresas terceirizadas.<\/p>\n<p>A FUP informou que petroleiros da Refinaria Abreu e Lima (Rnest), em Pernambuco, aderiram \u00e0 greve,\u00a0<strong>elevando para nove o n\u00famero de refinarias com ades\u00e3o.\u00a0<\/strong>Na ter\u00e7a-feira (16), eram 24 plataformas e nove refinarias.<\/p>\n<p>O cen\u00e1rio monitorado pela FUP aponta ades\u00e3o em:<\/p>\n<ul>\n<li>9 refinarias<\/li>\n<li>28 plataformas<\/li>\n<li>13 unidades da Transpetro (subsidi\u00e1ria de transportes da Petrobras)<\/li>\n<li>4 termel\u00e9tricas<\/li>\n<li>2 usinas de biodiesel<\/li>\n<li>Campos de produ\u00e7\u00e3o terrestre da Bahia<\/li>\n<li>Unidade de Tratamento de G\u00e1s de Cabi\u00fanas (UTGCAB)<\/li>\n<li>Esta\u00e7\u00e3o de Compress\u00e3o de Paul\u00ednia (TBG)<\/li>\n<li>Sede administrativa em Natal<\/li>\n<\/ul>\n<p>A\u00a0greve iniciada na segunda-feira (15)\u00a0tem as seguintes reivindica\u00e7\u00f5es:<\/p>\n<ul>\n<li>Melhorias no plano de cargos e sal\u00e1rios;<\/li>\n<li>Solu\u00e7\u00e3o para os Planos de Equacionamento de D\u00e9ficit (PEDs) da Petros (fundo de pens\u00e3o da categoria);<\/li>\n<li>Defesa da pauta Brasil Soberano, que defende a manuten\u00e7\u00e3o da Petrobras como empresa p\u00fablica e um modelo de neg\u00f3cios voltado ao fortalecimento da estatal.<\/li>\n<\/ul>\n<h2>Conting\u00eancia da Petrobras<\/h2>\n<p>Por meio de nota enviada \u00e0\u00a0<strong>Ag\u00eancia Brasil<\/strong>,<strong>\u00a0a Petrobras informou que equipes de conting\u00eancia est\u00e3o preparadas e mobilizadas para atuar na manuten\u00e7\u00e3o das opera\u00e7\u00f5es, sem preju\u00edzos na produ\u00e7\u00e3o e no abastecimento ao mercado.<\/strong><\/p>\n<p>\u201cAt\u00e9 o momento, n\u00e3o houve impacto na produ\u00e7\u00e3o, e o abastecimento ao mercado segue garantido, sem altera\u00e7\u00f5es\u201d, afirma\u00a0o comunicado.<\/p>\n<p>A companhia acrescenta que respeita o direito de manifesta\u00e7\u00e3o dos empregados e se mant\u00e9m aberta ao di\u00e1logo com as entidades sindicais.<\/p>\n<p>De acordo com a Ag\u00eancia Nacional do Petr\u00f3leo, G\u00e1s Natural e Biocombust\u00edveis (ANP), \u00f3rg\u00e3o regulador do setor, a Petrobras, sozinha ou em cons\u00f3rcio com outras empresas, \u00e9 respons\u00e1vel por cerca de 90% do total de petr\u00f3leo e g\u00e1s natural produzidos no pa\u00eds.<\/p>\n<p>Fonte: Ag\u00eancia Brasil<\/p>\n","protected":false},"excerpt":{"rendered":"<p>A greve de petroleiros da\u00a0Petrobras\u00a0chegou ao terceiro dia nesta quarta-feira (17).\u00a0De acordo com a Federa\u00e7\u00e3o \u00danica dos Petroleiros (FUP), que representa a categoria,\u00a0o movimento grevista&#8230;<\/p>\n","protected":false},"author":1527,"featured_media":63084,"comment_status":"closed","ping_status":"closed","sticky":false,"template":"","format":"standard","meta":{"footnotes":""},"categories":[6],"tags":[],"class_list":["post-63083","post","type-post","status-publish","format-standard","has-post-thumbnail","hentry","category-noticias"],"_links":{"self":[{"href":"https:\/\/www.sincomam.org.br\/index.php\/wp-json\/wp\/v2\/posts\/63083","targetHints":{"allow":["GET"]}}],"collection":[{"href":"https:\/\/www.sincomam.org.br\/index.php\/wp-json\/wp\/v2\/posts"}],"about":[{"href":"https:\/\/www.sincomam.org.br\/index.php\/wp-json\/wp\/v2\/types\/post"}],"author":[{"embeddable":true,"href":"https:\/\/www.sincomam.org.br\/index.php\/wp-json\/wp\/v2\/users\/1527"}],"replies":[{"embeddable":true,"href":"https:\/\/www.sincomam.org.br\/index.php\/wp-json\/wp\/v2\/comments?post=63083"}],"version-history":[{"count":1,"href":"https:\/\/www.sincomam.org.br\/index.php\/wp-json\/wp\/v2\/posts\/63083\/revisions"}],"predecessor-version":[{"id":63085,"href":"https:\/\/www.sincomam.org.br\/index.php\/wp-json\/wp\/v2\/posts\/63083\/revisions\/63085"}],"wp:featuredmedia":[{"embeddable":true,"href":"https:\/\/www.sincomam.org.br\/index.php\/wp-json\/wp\/v2\/media\/63084"}],"wp:attachment":[{"href":"https:\/\/www.sincomam.org.br\/index.php\/wp-json\/wp\/v2\/media?parent=63083"}],"wp:term":[{"taxonomy":"category","embeddable":true,"href":"https:\/\/www.sincomam.org.br\/index.php\/wp-json\/wp\/v2\/categories?post=63083"},{"taxonomy":"post_tag","embeddable":true,"href":"https:\/\/www.sincomam.org.br\/index.php\/wp-json\/wp\/v2\/tags?post=63083"}],"curies":[{"name":"wp","href":"https:\/\/api.w.org\/{rel}","templated":true}]}}