{"id":63080,"date":"2025-12-18T11:34:31","date_gmt":"2025-12-18T14:34:31","guid":{"rendered":"https:\/\/www.sincomam.org.br\/?p=63080"},"modified":"2025-12-18T11:36:17","modified_gmt":"2025-12-18T14:36:17","slug":"dia-do-marinheiro-e-celebrado-com-o-publico-em-todo-o-brasil","status":"publish","type":"post","link":"https:\/\/www.sincomam.org.br\/index.php\/dia-do-marinheiro-e-celebrado-com-o-publico-em-todo-o-brasil\/","title":{"rendered":"Dia do Marinheiro \u00e9 celebrado com o p\u00fablico em todo o Brasil"},"content":{"rendered":"<p class=\"text-align-justify\">No m\u00eas em que se comemora o Dia do Marinheiro (13 de dezembro), a Marinha do Brasil (MB) celebrou a data com a\u00e7\u00f5es em m\u00eddias digitais e tradicionais, al\u00e9m de eventos abertos ao p\u00fablico em todo o Brasil. Com o slogan \u201cSer Marinheiro tem valor\u201d, a campanha publicit\u00e1ria deste ano homenageou os militares que defendem o Pa\u00eds no mar e rios, convidando os brasileiros a perceberem a import\u00e2ncia do trabalho realizado em prol da sociedade e da P\u00e1tria.<\/p>\n<p class=\"text-align-justify\">As pe\u00e7as foram exibidas em outdoors, <em>busdoors<\/em> e pain\u00e9is de led, ocupando as fachadas laterais e o interior de edif\u00edcios comerciais nas cidades-sede dos Distritos Navais e em localidades pr\u00f3ximas. O material gr\u00e1fico e o v\u00eddeo institucional tamb\u00e9m foram divulgados, ao longo das primeiras semanas de dezembro, nas m\u00eddias sociais oficiais da For\u00e7a. Nos <em>stories<\/em> do Instagram, artistas, jornalistas, atletas, <em>influencers<\/em> e pol\u00edticos compartilharam mensagens parabenizando os militares.<\/p>\n<p class=\"text-align-justify\">A data foi lembrada, ainda, pela imprensa, que divulgou algumas das conquistas mais recentes da MB em benef\u00edcio de toda a sociedade. No domingo (14), o programa \u201cEsporte Espetacular\u201d, da TV Record, veiculou uma longa reportagem sobre a primeira navega\u00e7\u00e3o da Fragata \u201cTamandar\u00e9\u201d em mar aberto, com detalhes sobre a constru\u00e7\u00e3o e capacidades do navio. O programa \u201cFant\u00e1stico\u201d, da TV Globo, destacou uma nova regra que permite atua\u00e7\u00e3o feminina em todos os setores da Marinha.<\/p>\n<h5 class=\"text-align-justify\">Celebra\u00e7\u00e3o de Norte a Sul<\/h5>\n<p class=\"text-align-justify\">Al\u00e9m das a\u00e7\u00f5es nas m\u00eddias, a MB promoveu diversos eventos para celebrar a data junto ao p\u00fablico em seus nove Distritos Navais. No Rio de Janeiro (RJ), quase 4 mil pessoas, entre moradores e turistas, tiveram a oportunidade de visitar o Navio-Veleiro \u201cCisne Branco\u201d, atracado no Museu do Amanh\u00e3. Reconhecido internacionalmente como a \u201cembaixada brasileira no mar\u201d, o meio naval desempenha papel estrat\u00e9gico nas a\u00e7\u00f5es diplom\u00e1ticas e de rela\u00e7\u00f5es p\u00fablicas da For\u00e7a.<\/p>\n<figure><\/figure>\n<p><strong>Salvador<\/strong><\/p>\n<p class=\"text-align-justify\">Em Salvador (BA), al\u00e9m de visita\u00e7\u00e3o ao Navio-Patrulha \u201cGravata\u00ed\u201d e ao Navio-Varredor \u201cAratu\u201d, a MB ofereceu \u00e0 popula\u00e7\u00e3o apresenta\u00e7\u00f5es gratuitas da Banda de M\u00fasica do Comando do 2\u00ba Distrito Naval no Shopping Barra e na Par\u00f3quia Nossa Senhora da Vit\u00f3ria e a 1\u00aa Corrida de Rua \u201cAlmirante Tamandar\u00e9\u201d. O Farol da Barra e a sede do Distrito receberam, ainda, ilumina\u00e7\u00e3o especial alusiva ao Dia do Marinheiro.<\/p>\n<p><strong>Natal<\/strong><\/p>\n<p>J\u00e1 em Natal (RN), o Rebocador de Alto-Mar \u201cTriunfo\u201d e o Navio-Patrulha \u201cGraja\u00fa\u201d estiveram abertos \u00e0 visita\u00e7\u00e3o p\u00fablica e a Banda de M\u00fasica do Comando do 3\u00ba Distrito Naval se apresentou no Partage Norte Shopping. No Par\u00e1, a Banda de M\u00fasica do 4\u00ba Distrito Naval realizou apresenta\u00e7\u00f5es no Shopping Metr\u00f3pole, em Ananindeua, al\u00e9m do Mercado de S\u00e3o Br\u00e1s e do Shopping P\u00e1tio Bel\u00e9m, na capital. Bel\u00e9m foi palco, ainda, da Corrida do Marinheiro, evento que ocorreu em Santar\u00e9m.<\/p>\n<p><strong>Bel\u00e9m<\/strong><\/p>\n<p>Ainda em Bel\u00e9m, o Navio-Escola \u201cBrasil\u201d, o Navio-Patrulha \u201cGuaruj\u00e1\u201d, o Aviso Hidroceanogr\u00e1fico Fluvial \u201cRio Xingu\u201d e o Espa\u00e7o Mem\u00f3ria Corveta \u201cSolim\u00f5es\u201d abriram suas portas para o p\u00fablico. O Navio-Patrulha \u201cBracu\u00ed\u201d esteve no novo Porto de Lu\u00eds Correia (PI), onde tamb\u00e9m recebeu visita\u00e7\u00e3o p\u00fablica. Os munic\u00edpios Portel, Breves, Bagre e Oeiras do Par\u00e1 foram contemplados com a a\u00e7\u00e3o c\u00edvico-social \u201cChance Para Todos IV\u201d, de atendimentos de sa\u00fade a bordo do Navio-Auxiliar \u201cPar\u00e1\u201d.<\/p>\n<p><strong>Florian\u00f3polis<\/strong><\/p>\n<p>O Mercado Municipal de Florian\u00f3polis (SC) contou com apresenta\u00e7\u00e3o gratuita do Conjunto Musical Fuzipampa, do Comando do 5\u00ba Distrito Naval. Em Lad\u00e1rio (MS), a MB promoveu a Corrida e uma a\u00e7\u00e3o c\u00edvico-social com atividades culturais que inclu\u00edram apresenta\u00e7\u00e3o da Banda de M\u00fasica do Comando do 6\u00ba Distrito Naval. No Porto Geral de Corumb\u00e1 (MS), o p\u00fablico visitou o Navio-Transporte Fluvial \u201cParaguassu\u201d.<\/p>\n<p><strong>Distrito Federal<\/strong><\/p>\n<p class=\"text-align-justify\">M\u00fasica, esporte e cidadania marcaram as celebra\u00e7\u00f5es do Dia do Marinheiro no Distrito Federal. Nos dias 13 e 14 de dezembro, o 7\u00ba Distrito Naval promoveu uma programa\u00e7\u00e3o diversificada em Bras\u00edlia, com atividades no Clube Naval e na Esplanada dos Minist\u00e9rios. A programa\u00e7\u00e3o teve in\u00edcio na noite de s\u00e1bado (13), com o Concerto Alusivo ao Dia do Marinheiro, realizado no Clube Naval de Bras\u00edlia. Cerca de 800 pessoas assistiram \u00e0 apresenta\u00e7\u00e3o conduzida pela Banda de M\u00fasica do 3\u00ba Batalh\u00e3o de Prote\u00e7\u00e3o e Defesa Nuclear, Biol\u00f3gica, Qu\u00edmica e Radiol\u00f3gica, formada por Fuzileiros Navais. Sob a reg\u00eancia do Capit\u00e3o-Tenente (Auxiliar Fuzileiro Naval M\u00fasico) Wellington Ribeiro Souza, o repert\u00f3rio passeou por trilhas de cinema, como <em>Piratas do Caribe<\/em>, al\u00e9m de cl\u00e1ssicos da MPB.<\/p>\n<p class=\"text-align-justify\">O ponto alto da noite foi marcado pela inclus\u00e3o. O jovem Haniel Teixeira Antonino Bel\u00e9m, de 22 anos, diagnosticado com transtorno do espectro autista, subiu ao palco para interpretar a can\u00e7\u00e3o <em>Feeling Good<\/em>. Filho do Suboficial (Fuzileiro Naval M\u00fasico \u2013 Reserva) Eliabe Antonino Bel\u00e9m, Haniel protagonizou um momento que simbolizou o compromisso da Institui\u00e7\u00e3o com a valoriza\u00e7\u00e3o do potencial humano.<\/p>\n<p><strong>Manaus<\/strong><\/p>\n<p>Em Manaus (AM), a Banda de M\u00fasica do 9\u00ba Distrito Naval brindou o p\u00fablico com apresenta\u00e7\u00f5es no Shopping Ponta Negra e no Mirante L\u00facia Almeida, onde a MB tamb\u00e9m realizou uma exposi\u00e7\u00e3o de meios e equipamentos. No Amazonas Shopping, a For\u00e7a ofereceu vacina\u00e7\u00e3o gratuita para a popula\u00e7\u00e3o.<\/p>\n<p>Fonte: Ag\u00eancia Marinha de Not\u00edcias<\/p>\n<p>&nbsp;<\/p>\n","protected":false},"excerpt":{"rendered":"<p>No m\u00eas em que se comemora o Dia do Marinheiro (13 de dezembro), a Marinha do Brasil (MB) celebrou a data com a\u00e7\u00f5es em m\u00eddias&#8230;<\/p>\n","protected":false},"author":1527,"featured_media":63081,"comment_status":"closed","ping_status":"closed","sticky":false,"template":"","format":"standard","meta":{"footnotes":""},"categories":[6],"tags":[],"class_list":["post-63080","post","type-post","status-publish","format-standard","has-post-thumbnail","hentry","category-noticias"],"_links":{"self":[{"href":"https:\/\/www.sincomam.org.br\/index.php\/wp-json\/wp\/v2\/posts\/63080","targetHints":{"allow":["GET"]}}],"collection":[{"href":"https:\/\/www.sincomam.org.br\/index.php\/wp-json\/wp\/v2\/posts"}],"about":[{"href":"https:\/\/www.sincomam.org.br\/index.php\/wp-json\/wp\/v2\/types\/post"}],"author":[{"embeddable":true,"href":"https:\/\/www.sincomam.org.br\/index.php\/wp-json\/wp\/v2\/users\/1527"}],"replies":[{"embeddable":true,"href":"https:\/\/www.sincomam.org.br\/index.php\/wp-json\/wp\/v2\/comments?post=63080"}],"version-history":[{"count":2,"href":"https:\/\/www.sincomam.org.br\/index.php\/wp-json\/wp\/v2\/posts\/63080\/revisions"}],"predecessor-version":[{"id":63086,"href":"https:\/\/www.sincomam.org.br\/index.php\/wp-json\/wp\/v2\/posts\/63080\/revisions\/63086"}],"wp:featuredmedia":[{"embeddable":true,"href":"https:\/\/www.sincomam.org.br\/index.php\/wp-json\/wp\/v2\/media\/63081"}],"wp:attachment":[{"href":"https:\/\/www.sincomam.org.br\/index.php\/wp-json\/wp\/v2\/media?parent=63080"}],"wp:term":[{"taxonomy":"category","embeddable":true,"href":"https:\/\/www.sincomam.org.br\/index.php\/wp-json\/wp\/v2\/categories?post=63080"},{"taxonomy":"post_tag","embeddable":true,"href":"https:\/\/www.sincomam.org.br\/index.php\/wp-json\/wp\/v2\/tags?post=63080"}],"curies":[{"name":"wp","href":"https:\/\/api.w.org\/{rel}","templated":true}]}}