{"id":63073,"date":"2025-12-18T09:47:41","date_gmt":"2025-12-18T12:47:41","guid":{"rendered":"https:\/\/www.sincomam.org.br\/?p=63073"},"modified":"2025-12-18T09:47:41","modified_gmt":"2025-12-18T12:47:41","slug":"forum-do-mar-da-cplp-reune-liderancas-em-debate-sobre-uso-dos-oceanos","status":"publish","type":"post","link":"https:\/\/www.sincomam.org.br\/index.php\/forum-do-mar-da-cplp-reune-liderancas-em-debate-sobre-uso-dos-oceanos\/","title":{"rendered":"F\u00f3rum do Mar da CPLP re\u00fane lideran\u00e7as em debate sobre uso dos oceanos"},"content":{"rendered":"<p data-start=\"402\" data-end=\"861\">O\u00a0<strong data-start=\"404\" data-end=\"473\">F\u00f3rum do Mar da Comunidade dos Pa\u00edses da L\u00edngua Portuguesa (CPLP)<\/strong>\u00a0realizou, nos dias\u00a0<strong data-start=\"493\" data-end=\"516\">25 e 26 de novembro<\/strong>, o\u00a0<strong data-start=\"520\" data-end=\"551\">V Semin\u00e1rio do F\u00f3rum do Mar<\/strong>, na cidade de\u00a0<strong data-start=\"566\" data-end=\"587\">Dili, Timor Leste<\/strong>, com o tema\u00a0<strong data-start=\"600\" data-end=\"647\">\u201cDesafios Jur\u00eddicos na Gest\u00e3o e Uso do Mar\u201d<\/strong>. O evento reuniu autoridades governamentais, acad\u00eamicos e especialistas, consolidando-se como espa\u00e7o estrat\u00e9gico de debate sobre\u00a0<strong data-start=\"777\" data-end=\"800\">governan\u00e7a mar\u00edtima<\/strong>,\u00a0<strong data-start=\"802\" data-end=\"820\">direito do mar<\/strong>\u00a0e\u00a0<strong data-start=\"823\" data-end=\"860\">coopera\u00e7\u00e3o internacional lus\u00f3fona<\/strong>.<\/p>\n<p data-start=\"863\" data-end=\"1154\">A solenidade contou com a presen\u00e7a do\u00a0<strong data-start=\"901\" data-end=\"961\">Primeiro-Ministro de Timor Leste, Kay Rala Xanana Gusm\u00e3o<\/strong>, e do\u00a0<strong data-start=\"968\" data-end=\"1070\">Presidente da Comiss\u00e3o de Limites da Plataforma Continental da Organiza\u00e7\u00e3o das Na\u00e7\u00f5es Unidas (ONU)<\/strong>,\u00a0<strong data-start=\"1072\" data-end=\"1109\">Prof. Dr. Aldino Manuel de Campos<\/strong>, entre outras autoridades civis e militares.<\/p>\n<h2 data-start=\"1156\" data-end=\"1208\"><strong data-start=\"1159\" data-end=\"1208\">Autoridades e agenda estrat\u00e9gica do Semin\u00e1rio<\/strong><\/h2>\n<p data-start=\"1210\" data-end=\"1633\">A programa\u00e7\u00e3o do Semin\u00e1rio abordou temas centrais da agenda mar\u00edtima contempor\u00e2nea, como\u00a0<strong data-start=\"1299\" data-end=\"1335\">delimita\u00e7\u00e3o de espa\u00e7os mar\u00edtimos<\/strong>,\u00a0<strong data-start=\"1337\" data-end=\"1350\">soberania<\/strong>,\u00a0<strong data-start=\"1352\" data-end=\"1387\">explora\u00e7\u00e3o de recursos marinhos<\/strong>,\u00a0<strong data-start=\"1389\" data-end=\"1409\">sustentabilidade<\/strong>,\u00a0<strong data-start=\"1411\" data-end=\"1433\">seguran\u00e7a jur\u00eddica<\/strong>\u00a0e a aplica\u00e7\u00e3o do\u00a0<strong data-start=\"1451\" data-end=\"1483\">Direito Internacional do Mar<\/strong>. Os debates ressaltaram os desafios enfrentados por Estados costeiros diante da crescente import\u00e2ncia econ\u00f4mica, ambiental e estrat\u00e9gica dos oceanos.<\/p>\n<p data-start=\"1635\" data-end=\"1858\">A presen\u00e7a de representantes de alto n\u00edvel refor\u00e7ou a relev\u00e2ncia pol\u00edtica e institucional do evento, evidenciando o papel do F\u00f3rum como ambiente de reflex\u00e3o qualificada e de articula\u00e7\u00e3o entre os pa\u00edses de l\u00edngua portuguesa.<\/p>\n<h2 data-start=\"1860\" data-end=\"1913\"><strong data-start=\"1863\" data-end=\"1913\">O F\u00f3rum do Mar da CPLP e a coopera\u00e7\u00e3o lus\u00f3fona<\/strong><\/h2>\n<p data-start=\"1915\" data-end=\"2454\">O\u00a0<strong data-start=\"1917\" data-end=\"1941\">F\u00f3rum do Mar da CPLP<\/strong>\u00a0teve origem no\u00a0<strong data-start=\"1957\" data-end=\"2021\">Memorando de Entendimento firmado em 23 de fevereiro de 2017<\/strong>\u00a0e \u00e9 composto por institui\u00e7\u00f5es de refer\u00eancia no campo da Defesa, do Direito e das Ci\u00eancias do Mar. Integram o F\u00f3rum a\u00a0<strong data-start=\"2139\" data-end=\"2165\">Escola de Guerra Naval<\/strong>, o\u00a0<strong data-start=\"2169\" data-end=\"2216\">Instituto de Defesa Nacional de Timor Leste<\/strong>, a\u00a0<strong data-start=\"2220\" data-end=\"2273\">Academia de Ci\u00eancias Sociais e Tecnologia (ACITE)<\/strong>\u00a0de Angola, a\u00a0<strong data-start=\"2287\" data-end=\"2334\">Universidade Lus\u00edada de S\u00e3o Tom\u00e9 e Pr\u00edncipe<\/strong>, o\u00a0<strong data-start=\"2338\" data-end=\"2400\">Instituto Superior de Ci\u00eancias Sociais e Pol\u00edticas (ISCSP)<\/strong>\u00a0da Universidade de Lisboa e a\u00a0<strong data-start=\"2431\" data-end=\"2453\">Marinha Portuguesa<\/strong>.<\/p>\n<p data-start=\"2456\" data-end=\"2723\">O F\u00f3rum constitui um espa\u00e7o permanente de\u00a0<strong data-start=\"2498\" data-end=\"2527\">partilha de conhecimentos<\/strong>,\u00a0<strong data-start=\"2529\" data-end=\"2551\">produ\u00e7\u00e3o acad\u00eamica<\/strong>\u00a0e\u00a0<strong data-start=\"2554\" data-end=\"2581\">concerta\u00e7\u00e3o de esfor\u00e7os<\/strong>, promovendo uma abordagem integrada entre\u00a0<strong data-start=\"2624\" data-end=\"2645\">pol\u00edtica mar\u00edtima<\/strong>,\u00a0<strong data-start=\"2647\" data-end=\"2658\">direito<\/strong>,\u00a0<strong data-start=\"2660\" data-end=\"2670\">defesa<\/strong>\u00a0e\u00a0<strong data-start=\"2673\" data-end=\"2704\">desenvolvimento sustent\u00e1vel<\/strong>\u00a0no \u00e2mbito da CPLP.<\/p>\n<h2 data-start=\"2725\" data-end=\"2787\"><strong data-start=\"2728\" data-end=\"2787\">Governan\u00e7a dos oceanos e proje\u00e7\u00e3o internacional da CPLP<\/strong><\/h2>\n<p data-start=\"2789\" data-end=\"3047\">Os debates realizados no Semin\u00e1rio fortalecem a\u00a0<strong data-start=\"2837\" data-end=\"2882\">governan\u00e7a dos oceanos no espa\u00e7o lus\u00f3fono<\/strong>, contribuindo para o alinhamento de posi\u00e7\u00f5es em f\u00f3runs internacionais e para a formula\u00e7\u00e3o de\u00a0<strong data-start=\"2976\" data-end=\"3008\">pol\u00edticas p\u00fablicas mar\u00edtimas<\/strong>\u00a0mais eficazes e juridicamente seguras.<\/p>\n<p data-start=\"3049\" data-end=\"3410\">Ao reunir pa\u00edses com extensas \u00e1reas mar\u00edtimas no\u00a0<strong data-start=\"3098\" data-end=\"3123\">Atl\u00e2ntico e no \u00cdndico<\/strong>, o F\u00f3rum do Mar amplia a capacidade coletiva de atua\u00e7\u00e3o da CPLP, refor\u00e7ando a\u00a0<strong data-start=\"3202\" data-end=\"3224\">coopera\u00e7\u00e3o Sul-Sul<\/strong>, a defesa dos interesses comuns e a\u00a0<strong data-start=\"3261\" data-end=\"3287\">proje\u00e7\u00e3o internacional<\/strong>\u00a0da Comunidade dos Pa\u00edses da L\u00edngua Portuguesa em temas estrat\u00e9gicos relacionados ao mar, \u00e0 soberania e ao desenvolvimento.<\/p>\n<div class=\"code-block code-block-2\">Fonte: Defesa em Foco<\/div>\n","protected":false},"excerpt":{"rendered":"<p>O\u00a0F\u00f3rum do Mar da Comunidade dos Pa\u00edses da L\u00edngua Portuguesa (CPLP)\u00a0realizou, nos dias\u00a025 e 26 de novembro, o\u00a0V Semin\u00e1rio do F\u00f3rum do Mar, na cidade&#8230;<\/p>\n","protected":false},"author":1527,"featured_media":63074,"comment_status":"closed","ping_status":"closed","sticky":false,"template":"","format":"standard","meta":{"footnotes":""},"categories":[6],"tags":[],"class_list":["post-63073","post","type-post","status-publish","format-standard","has-post-thumbnail","hentry","category-noticias"],"_links":{"self":[{"href":"https:\/\/www.sincomam.org.br\/index.php\/wp-json\/wp\/v2\/posts\/63073","targetHints":{"allow":["GET"]}}],"collection":[{"href":"https:\/\/www.sincomam.org.br\/index.php\/wp-json\/wp\/v2\/posts"}],"about":[{"href":"https:\/\/www.sincomam.org.br\/index.php\/wp-json\/wp\/v2\/types\/post"}],"author":[{"embeddable":true,"href":"https:\/\/www.sincomam.org.br\/index.php\/wp-json\/wp\/v2\/users\/1527"}],"replies":[{"embeddable":true,"href":"https:\/\/www.sincomam.org.br\/index.php\/wp-json\/wp\/v2\/comments?post=63073"}],"version-history":[{"count":1,"href":"https:\/\/www.sincomam.org.br\/index.php\/wp-json\/wp\/v2\/posts\/63073\/revisions"}],"predecessor-version":[{"id":63075,"href":"https:\/\/www.sincomam.org.br\/index.php\/wp-json\/wp\/v2\/posts\/63073\/revisions\/63075"}],"wp:featuredmedia":[{"embeddable":true,"href":"https:\/\/www.sincomam.org.br\/index.php\/wp-json\/wp\/v2\/media\/63074"}],"wp:attachment":[{"href":"https:\/\/www.sincomam.org.br\/index.php\/wp-json\/wp\/v2\/media?parent=63073"}],"wp:term":[{"taxonomy":"category","embeddable":true,"href":"https:\/\/www.sincomam.org.br\/index.php\/wp-json\/wp\/v2\/categories?post=63073"},{"taxonomy":"post_tag","embeddable":true,"href":"https:\/\/www.sincomam.org.br\/index.php\/wp-json\/wp\/v2\/tags?post=63073"}],"curies":[{"name":"wp","href":"https:\/\/api.w.org\/{rel}","templated":true}]}}