{"id":63059,"date":"2025-12-17T10:47:24","date_gmt":"2025-12-17T13:47:24","guid":{"rendered":"https:\/\/www.sincomam.org.br\/?p=63059"},"modified":"2025-12-17T13:53:23","modified_gmt":"2025-12-17T16:53:23","slug":"greve-nacional-dos-petroleiros-tem-novas-adesoes","status":"publish","type":"post","link":"https:\/\/www.sincomam.org.br\/index.php\/greve-nacional-dos-petroleiros-tem-novas-adesoes\/","title":{"rendered":"Greve nacional dos petroleiros tem novas ades\u00f5es"},"content":{"rendered":"<p>O segundo dia da greve nacional dos petroleiros recebeu nesta ter\u00e7a-feira (16), a ades\u00e3o de novas unidades, como a Refinaria Alberto Pasqualini (Refap), no Rio Grande do Sul. No Cear\u00e1, a categoria tamb\u00e9m aderiu \u00e0 greve, com a entrada da F\u00e1brica de Lubrificantes do Nordeste (Lubnor), da Termocear\u00e1 e do terminal de Mucuripe no movimento.<img decoding=\"async\" src=\"https:\/\/agenciabrasil.ebc.com.br\/ebc.png?id=1672401&amp;o=node\" \/><img decoding=\"async\" src=\"https:\/\/agenciabrasil.ebc.com.br\/ebc.gif?id=1672401&amp;o=node\" \/><\/p>\n<p>A Federa\u00e7\u00e3o \u00danica dos Petroleiros (FUP) informou que no Rio Grande do Norte, os trabalhadores da Usina Termel\u00e9trica do Vale do A\u00e7u aderiram nesta ter\u00e7a \u00e0 greve, assim como os m\u00e9dicos do setor de Sa\u00fade, Meio Ambiente e Seguran\u00e7a (SMS) da companhia. Houve ainda o refor\u00e7o na Bahia dos trabalhadores da Usina de Biodisel de Candeias e de diversas unidades da Bacia de Campos, no norte fluminense, onde j\u00e1 s\u00e3o 22 plataformas entregues \u00e0s equipes de conting\u00eancia.<\/p>\n<p>A paralisa\u00e7\u00e3o nas bases operacionais da FUP j\u00e1 atinge 8 refinarias, 24 plataformas, 10 unidades da Transpetro, 4 termel\u00e9tricas, 2 usinas de biodisel, al\u00e9m dos campos terrestres da Bahia, da Unidade de Tratamento de G\u00e1s de Cabi\u00fanas (UTGCAB) e da Esta\u00e7\u00e3o de Compress\u00e3o de Paul\u00ednia (TBG).<\/p>\n<p>O movimento segue por tempo indeterminado em todo o Brasil, at\u00e9 que a dire\u00e7\u00e3o da Petrobras apresente uma nova contraproposta de Acordo Coletivo de Trabalho que atenda aos tr\u00eas eixos de reivindica\u00e7\u00f5es da categoria petroleira:<\/p>\n<ul>\n<li>Distribui\u00e7\u00e3o justa da riqueza gerada,<\/li>\n<li>Fim dos equacionamentos da Petros e<\/li>\n<li>Reconhecimento da Pauta pelo Brasil Soberano, com suspens\u00e3o das privatiza\u00e7\u00f5es\u00a0 e das demiss\u00f5es na \u00e1rea de Explora\u00e7\u00e3o e Produ\u00e7\u00e3o.<\/li>\n<\/ul>\n<p>A Petrobras foi procurada, mas at\u00e9 o fechamento da mat\u00e9ria n\u00e3o retornou aos questionamentos.<\/p>\n<p>Fonte: Ag\u00eancia Brasil<\/p>\n","protected":false},"excerpt":{"rendered":"<p>O segundo dia da greve nacional dos petroleiros recebeu nesta ter\u00e7a-feira (16), a ades\u00e3o de novas unidades, como a Refinaria Alberto Pasqualini (Refap), no Rio&#8230;<\/p>\n","protected":false},"author":1527,"featured_media":63060,"comment_status":"closed","ping_status":"closed","sticky":false,"template":"","format":"standard","meta":{"footnotes":""},"categories":[6],"tags":[],"class_list":["post-63059","post","type-post","status-publish","format-standard","has-post-thumbnail","hentry","category-noticias"],"_links":{"self":[{"href":"https:\/\/www.sincomam.org.br\/index.php\/wp-json\/wp\/v2\/posts\/63059","targetHints":{"allow":["GET"]}}],"collection":[{"href":"https:\/\/www.sincomam.org.br\/index.php\/wp-json\/wp\/v2\/posts"}],"about":[{"href":"https:\/\/www.sincomam.org.br\/index.php\/wp-json\/wp\/v2\/types\/post"}],"author":[{"embeddable":true,"href":"https:\/\/www.sincomam.org.br\/index.php\/wp-json\/wp\/v2\/users\/1527"}],"replies":[{"embeddable":true,"href":"https:\/\/www.sincomam.org.br\/index.php\/wp-json\/wp\/v2\/comments?post=63059"}],"version-history":[{"count":2,"href":"https:\/\/www.sincomam.org.br\/index.php\/wp-json\/wp\/v2\/posts\/63059\/revisions"}],"predecessor-version":[{"id":63063,"href":"https:\/\/www.sincomam.org.br\/index.php\/wp-json\/wp\/v2\/posts\/63059\/revisions\/63063"}],"wp:featuredmedia":[{"embeddable":true,"href":"https:\/\/www.sincomam.org.br\/index.php\/wp-json\/wp\/v2\/media\/63060"}],"wp:attachment":[{"href":"https:\/\/www.sincomam.org.br\/index.php\/wp-json\/wp\/v2\/media?parent=63059"}],"wp:term":[{"taxonomy":"category","embeddable":true,"href":"https:\/\/www.sincomam.org.br\/index.php\/wp-json\/wp\/v2\/categories?post=63059"},{"taxonomy":"post_tag","embeddable":true,"href":"https:\/\/www.sincomam.org.br\/index.php\/wp-json\/wp\/v2\/tags?post=63059"}],"curies":[{"name":"wp","href":"https:\/\/api.w.org\/{rel}","templated":true}]}}