{"id":63043,"date":"2025-12-17T09:58:02","date_gmt":"2025-12-17T12:58:02","guid":{"rendered":"https:\/\/www.sincomam.org.br\/?p=63043"},"modified":"2025-12-17T09:58:02","modified_gmt":"2025-12-17T12:58:02","slug":"portos-paranaenses-ultrapassam-70-milhoes-de-toneladas-movimentadas-em-2025","status":"publish","type":"post","link":"https:\/\/www.sincomam.org.br\/index.php\/portos-paranaenses-ultrapassam-70-milhoes-de-toneladas-movimentadas-em-2025\/","title":{"rendered":"Portos paranaenses ultrapassam 70 milh\u00f5es de toneladas movimentadas em 2025"},"content":{"rendered":"<p>A Portos do Paran\u00e1, empresa que administra terminais portu\u00e1rios paranaenses, anunciou, nesta ter\u00e7a-feira (16), que movimentou 70 milh\u00f5es de toneladas desde janeiro de 2025, o maior volume de sua hist\u00f3ria e 5% a mais do que o total do ano passado, mesmo a 15 dias do fim do ano. Segundo a autoridade portu\u00e1ria, h\u00e1 expectativa de que a movimenta\u00e7\u00e3o total fique entre 72 e 73 milh\u00f5es de toneladas at\u00e9 31 de dezembro, acima da previs\u00e3o inicial, de 70 milh\u00f5es de toneladas somente a partir de 2035.<\/p>\n<p>A empresa informou que, com os resultados deste ano, o aumento da movimenta\u00e7\u00e3o desde 2018 chega a 32%. Esses resultados foram impulsionados pela exporta\u00e7\u00e3o pelo Porto de Paranagu\u00e1, com destaque para gr\u00e3os e farelos, al\u00e9m de carne de frango congelada, com movimenta\u00e7\u00e3o de mais de 48% de toda a produ\u00e7\u00e3o nacional destinada ao mercado externo.<\/p>\n<p>Quando somada a carne su\u00edna \u00e0 de frango, a participa\u00e7\u00e3o do terminal paranaense respondeu em 2025 por 40% de tudo o que o Brasil exportou. Paranagu\u00e1 \u00e9 tamb\u00e9m, segundo a Portos do Paran\u00e1, o principal polo de embarque de \u00f3leo de soja e registra o segundo maior fluxo de carregamento de soja e de farelo de soja do pa\u00eds. No caso dos fertilizantes, foram exportadas desde janeiro, por Paranagu\u00e1 e Antonina, mais de 11 milh\u00f5es de toneladas.<\/p>\n<p>A Portos do Paran\u00e1 credita os bons resultados e o aumento da movimenta\u00e7\u00e3o \u00e0 amplia\u00e7\u00e3o, em setembro, do calado operacional nos ber\u00e7os de gran\u00e9is s\u00f3lidos, de 13,1 metros para 13,3 metros, o que permitiu carregar, em m\u00e9dia, mais 1,5 mil toneladas por navio. A empresa ressaltou ainda o aumento, de 12,8 metros para 13,3 metros, do calado operacional do terminal de cont\u00eaineres. \u201cCom o aumento de 50 cent\u00edmetros, houve crescimento de aproximadamente 400 TEUs por navio\u201d, explicou o diretor de opera\u00e7\u00f5es da Portos do Paran\u00e1, Gabriel Vieira.<\/p>\n<p>Fonte: Portos e Navios<\/p>\n","protected":false},"excerpt":{"rendered":"<p>A Portos do Paran\u00e1, empresa que administra terminais portu\u00e1rios paranaenses, anunciou, nesta ter\u00e7a-feira (16), que movimentou 70 milh\u00f5es de toneladas desde janeiro de 2025, o&#8230;<\/p>\n","protected":false},"author":1527,"featured_media":63044,"comment_status":"closed","ping_status":"closed","sticky":false,"template":"","format":"standard","meta":{"footnotes":""},"categories":[6],"tags":[],"class_list":["post-63043","post","type-post","status-publish","format-standard","has-post-thumbnail","hentry","category-noticias"],"_links":{"self":[{"href":"https:\/\/www.sincomam.org.br\/index.php\/wp-json\/wp\/v2\/posts\/63043","targetHints":{"allow":["GET"]}}],"collection":[{"href":"https:\/\/www.sincomam.org.br\/index.php\/wp-json\/wp\/v2\/posts"}],"about":[{"href":"https:\/\/www.sincomam.org.br\/index.php\/wp-json\/wp\/v2\/types\/post"}],"author":[{"embeddable":true,"href":"https:\/\/www.sincomam.org.br\/index.php\/wp-json\/wp\/v2\/users\/1527"}],"replies":[{"embeddable":true,"href":"https:\/\/www.sincomam.org.br\/index.php\/wp-json\/wp\/v2\/comments?post=63043"}],"version-history":[{"count":1,"href":"https:\/\/www.sincomam.org.br\/index.php\/wp-json\/wp\/v2\/posts\/63043\/revisions"}],"predecessor-version":[{"id":63045,"href":"https:\/\/www.sincomam.org.br\/index.php\/wp-json\/wp\/v2\/posts\/63043\/revisions\/63045"}],"wp:featuredmedia":[{"embeddable":true,"href":"https:\/\/www.sincomam.org.br\/index.php\/wp-json\/wp\/v2\/media\/63044"}],"wp:attachment":[{"href":"https:\/\/www.sincomam.org.br\/index.php\/wp-json\/wp\/v2\/media?parent=63043"}],"wp:term":[{"taxonomy":"category","embeddable":true,"href":"https:\/\/www.sincomam.org.br\/index.php\/wp-json\/wp\/v2\/categories?post=63043"},{"taxonomy":"post_tag","embeddable":true,"href":"https:\/\/www.sincomam.org.br\/index.php\/wp-json\/wp\/v2\/tags?post=63043"}],"curies":[{"name":"wp","href":"https:\/\/api.w.org\/{rel}","templated":true}]}}