{"id":63019,"date":"2025-12-16T19:37:15","date_gmt":"2025-12-16T22:37:15","guid":{"rendered":"https:\/\/www.sincomam.org.br\/?p=63019"},"modified":"2025-12-16T19:48:27","modified_gmt":"2025-12-16T22:48:27","slug":"curso-tecnicas-de-manutencao-em-aparelhos-de-refrigeracao","status":"publish","type":"post","link":"https:\/\/www.sincomam.org.br\/index.php\/curso-tecnicas-de-manutencao-em-aparelhos-de-refrigeracao\/","title":{"rendered":"CURSO T\u00c9CNICAS DE MANUTEN\u00c7\u00c3O EM APARELHOS DE REFRIGERA\u00c7\u00c3O &#8211; 07\/08\/2023 &#8211; 18\/08\/2023"},"content":{"rendered":"<p><a href=\"https:\/\/www.sincomam.org.br\/wp-content\/uploads\/2025\/12\/Foto-I-Alunos-Curso-SENAI-de-refrigeracao-em-parceria-com-a-ELCANO.jpeg\"><img fetchpriority=\"high\" decoding=\"async\" class=\"size-medium wp-image-63020 aligncenter\" src=\"https:\/\/www.sincomam.org.br\/wp-content\/uploads\/2025\/12\/Foto-I-Alunos-Curso-SENAI-de-refrigeracao-em-parceria-com-a-ELCANO-300x225.jpeg\" alt=\"\" width=\"300\" height=\"225\" srcset=\"https:\/\/www.sincomam.org.br\/wp-content\/uploads\/2025\/12\/Foto-I-Alunos-Curso-SENAI-de-refrigeracao-em-parceria-com-a-ELCANO-300x225.jpeg 300w, https:\/\/www.sincomam.org.br\/wp-content\/uploads\/2025\/12\/Foto-I-Alunos-Curso-SENAI-de-refrigeracao-em-parceria-com-a-ELCANO-1024x768.jpeg 1024w, https:\/\/www.sincomam.org.br\/wp-content\/uploads\/2025\/12\/Foto-I-Alunos-Curso-SENAI-de-refrigeracao-em-parceria-com-a-ELCANO-768x576.jpeg 768w, https:\/\/www.sincomam.org.br\/wp-content\/uploads\/2025\/12\/Foto-I-Alunos-Curso-SENAI-de-refrigeracao-em-parceria-com-a-ELCANO.jpeg 1280w\" sizes=\"(max-width: 300px) 100vw, 300px\" \/><\/a>O curso T\u00e9cnicas de Manuten\u00e7\u00e3o em Aparelhos de Refrigera\u00e7\u00e3o, realizado no SENAI Benfica entre 07 de agosto e 18 de agosto de 2023, proporcionou aos participantes o desenvolvimento de compet\u00eancias pr\u00e1ticas em refrigera\u00e7\u00e3o, seguindo rigorosamente a qualidade, prote\u00e7\u00e3o ambiental e as normas de seguran\u00e7a.<\/p>\n","protected":false},"excerpt":{"rendered":"<p>O curso T\u00e9cnicas de Manuten\u00e7\u00e3o em Aparelhos de Refrigera\u00e7\u00e3o, realizado no SENAI Benfica entre 07 de agosto e 18 de agosto de 2023, proporcionou aos&#8230;<\/p>\n","protected":false},"author":1527,"featured_media":0,"comment_status":"closed","ping_status":"closed","sticky":false,"template":"","format":"standard","meta":{"footnotes":""},"categories":[433],"tags":[],"class_list":["post-63019","post","type-post","status-publish","format-standard","hentry","category-cursos-2"],"_links":{"self":[{"href":"https:\/\/www.sincomam.org.br\/index.php\/wp-json\/wp\/v2\/posts\/63019","targetHints":{"allow":["GET"]}}],"collection":[{"href":"https:\/\/www.sincomam.org.br\/index.php\/wp-json\/wp\/v2\/posts"}],"about":[{"href":"https:\/\/www.sincomam.org.br\/index.php\/wp-json\/wp\/v2\/types\/post"}],"author":[{"embeddable":true,"href":"https:\/\/www.sincomam.org.br\/index.php\/wp-json\/wp\/v2\/users\/1527"}],"replies":[{"embeddable":true,"href":"https:\/\/www.sincomam.org.br\/index.php\/wp-json\/wp\/v2\/comments?post=63019"}],"version-history":[{"count":2,"href":"https:\/\/www.sincomam.org.br\/index.php\/wp-json\/wp\/v2\/posts\/63019\/revisions"}],"predecessor-version":[{"id":63038,"href":"https:\/\/www.sincomam.org.br\/index.php\/wp-json\/wp\/v2\/posts\/63019\/revisions\/63038"}],"wp:attachment":[{"href":"https:\/\/www.sincomam.org.br\/index.php\/wp-json\/wp\/v2\/media?parent=63019"}],"wp:term":[{"taxonomy":"category","embeddable":true,"href":"https:\/\/www.sincomam.org.br\/index.php\/wp-json\/wp\/v2\/categories?post=63019"},{"taxonomy":"post_tag","embeddable":true,"href":"https:\/\/www.sincomam.org.br\/index.php\/wp-json\/wp\/v2\/tags?post=63019"}],"curies":[{"name":"wp","href":"https:\/\/api.w.org\/{rel}","templated":true}]}}