{"id":63013,"date":"2025-12-16T19:32:35","date_gmt":"2025-12-16T22:32:35","guid":{"rendered":"https:\/\/www.sincomam.org.br\/?p=63013"},"modified":"2025-12-16T19:49:12","modified_gmt":"2025-12-16T22:49:12","slug":"curso-de-soldagem-com-eletrodo-revestido-e-oxicorte-para-mecanico-de-manutencao","status":"publish","type":"post","link":"https:\/\/www.sincomam.org.br\/index.php\/curso-de-soldagem-com-eletrodo-revestido-e-oxicorte-para-mecanico-de-manutencao\/","title":{"rendered":"CURSO DE SOLDAGEM COM ELETRODO REVESTIDO E OXICORTE PARA MEC\u00c2NICO DE MANUTEN\u00c7\u00c3O &#8211; 21\/08\/2023 A 25\/08\/2023"},"content":{"rendered":"<p><a href=\"https:\/\/www.sincomam.org.br\/wp-content\/uploads\/2025\/12\/Aluno-em-pratica-1.jpg\"><img fetchpriority=\"high\" decoding=\"async\" class=\"size-medium wp-image-63016 aligncenter\" src=\"https:\/\/www.sincomam.org.br\/wp-content\/uploads\/2025\/12\/Aluno-em-pratica-1-169x300.jpg\" alt=\"\" width=\"169\" height=\"300\" srcset=\"https:\/\/www.sincomam.org.br\/wp-content\/uploads\/2025\/12\/Aluno-em-pratica-1-169x300.jpg 169w, https:\/\/www.sincomam.org.br\/wp-content\/uploads\/2025\/12\/Aluno-em-pratica-1-576x1024.jpg 576w, https:\/\/www.sincomam.org.br\/wp-content\/uploads\/2025\/12\/Aluno-em-pratica-1.jpg 720w\" sizes=\"(max-width: 169px) 100vw, 169px\" \/><\/a> <a href=\"https:\/\/www.sincomam.org.br\/wp-content\/uploads\/2025\/12\/IMG-20230825-WA0016-1.jpg\"><img decoding=\"async\" class=\"size-medium wp-image-63017 aligncenter\" src=\"https:\/\/www.sincomam.org.br\/wp-content\/uploads\/2025\/12\/IMG-20230825-WA0016-1-300x169.jpg\" alt=\"\" width=\"300\" height=\"169\" srcset=\"https:\/\/www.sincomam.org.br\/wp-content\/uploads\/2025\/12\/IMG-20230825-WA0016-1-300x169.jpg 300w, https:\/\/www.sincomam.org.br\/wp-content\/uploads\/2025\/12\/IMG-20230825-WA0016-1-768x432.jpg 768w, https:\/\/www.sincomam.org.br\/wp-content\/uploads\/2025\/12\/IMG-20230825-WA0016-1.jpg 1024w\" sizes=\"(max-width: 300px) 100vw, 300px\" \/><\/a><\/p>\n<p>Realizado no SENAI Vila Isabel entre os dias 21 de agosto e 25 de agosto de 2023, o curso de Soldagem com Eletrodo Revestido e Oxicorte para Mec\u00e2nicos de Manuten\u00e7\u00e3o teve como foco o aperfei\u00e7oamento profissional, oferecendo treinamento pr\u00e1tico nas principais t\u00e9cnicas de soldagem e corte t\u00e9rmico. A forma\u00e7\u00e3o permitiu aos participantes desenvolver compet\u00eancias essenciais para atuar com precis\u00e3o e seguran\u00e7a em atividades de manuten\u00e7\u00e3o industrial.<\/p>\n","protected":false},"excerpt":{"rendered":"<p>Realizado no SENAI Vila Isabel entre os dias 21 de agosto e 25 de agosto de 2023, o curso de Soldagem com Eletrodo Revestido e&#8230;<\/p>\n","protected":false},"author":1527,"featured_media":0,"comment_status":"closed","ping_status":"closed","sticky":false,"template":"","format":"standard","meta":{"footnotes":""},"categories":[433],"tags":[],"class_list":["post-63013","post","type-post","status-publish","format-standard","hentry","category-cursos-2"],"_links":{"self":[{"href":"https:\/\/www.sincomam.org.br\/index.php\/wp-json\/wp\/v2\/posts\/63013","targetHints":{"allow":["GET"]}}],"collection":[{"href":"https:\/\/www.sincomam.org.br\/index.php\/wp-json\/wp\/v2\/posts"}],"about":[{"href":"https:\/\/www.sincomam.org.br\/index.php\/wp-json\/wp\/v2\/types\/post"}],"author":[{"embeddable":true,"href":"https:\/\/www.sincomam.org.br\/index.php\/wp-json\/wp\/v2\/users\/1527"}],"replies":[{"embeddable":true,"href":"https:\/\/www.sincomam.org.br\/index.php\/wp-json\/wp\/v2\/comments?post=63013"}],"version-history":[{"count":3,"href":"https:\/\/www.sincomam.org.br\/index.php\/wp-json\/wp\/v2\/posts\/63013\/revisions"}],"predecessor-version":[{"id":63039,"href":"https:\/\/www.sincomam.org.br\/index.php\/wp-json\/wp\/v2\/posts\/63013\/revisions\/63039"}],"wp:attachment":[{"href":"https:\/\/www.sincomam.org.br\/index.php\/wp-json\/wp\/v2\/media?parent=63013"}],"wp:term":[{"taxonomy":"category","embeddable":true,"href":"https:\/\/www.sincomam.org.br\/index.php\/wp-json\/wp\/v2\/categories?post=63013"},{"taxonomy":"post_tag","embeddable":true,"href":"https:\/\/www.sincomam.org.br\/index.php\/wp-json\/wp\/v2\/tags?post=63013"}],"curies":[{"name":"wp","href":"https:\/\/api.w.org\/{rel}","templated":true}]}}