{"id":6301,"date":"2014-06-26T08:48:33","date_gmt":"2014-06-26T11:48:33","guid":{"rendered":"http:\/\/www.sincomam.org.br\/?p=6301"},"modified":"2014-06-24T21:51:34","modified_gmt":"2014-06-25T00:51:34","slug":"buzios-no-rj-abre-inscricoes-para-cursos-profissionalizantes-de-graca","status":"publish","type":"post","link":"https:\/\/www.sincomam.org.br\/index.php\/buzios-no-rj-abre-inscricoes-para-cursos-profissionalizantes-de-graca\/","title":{"rendered":"B\u00fazios, no RJ, abre inscri\u00e7\u00f5es para cursos profissionalizantes de gra\u00e7a"},"content":{"rendered":"<p><strong><em>Inscri\u00e7\u00f5es devem ser feitas at\u00e9 o dia 11 de julho. Aulas ser\u00e3o ministradas pelo SENAI<\/em><\/strong><\/p>\n<p>A Prefeitura de Arma\u00e7\u00e3o dos B\u00fazios, na Regi\u00e3o dos Lagos do Rio de Janeiro, est\u00e1 com inscri\u00e7\u00f5es abertas para cursos profissionalizantes gratuitos oferecidos em parceria com o Programa Nacional de Acesso ao Ensino T\u00e9cnico (PRONATEC). As aulas ser\u00e3o ministradas pelo SENAI e ser\u00e3o disponibilizadas 24 vagas por turma. As inscri\u00e7\u00f5es devem ser feitas at\u00e9 o dia 11 de julho, no Centro de Qualifica\u00e7\u00e3o Profissional (CEQUAP) que fica na Estrada da Ferradura, no bairro da Ferradura, em fente \u00e0 Delegacia Legal.<\/p>\n<p>Em B\u00fazios, ser\u00e1 iniciada a segunda etapa do PRONATEC, sendo a primeira dos cursos de administra\u00e7\u00e3o, cuidador de idosos e modelista, que j\u00e1 est\u00e3o com turmas fechadas e as aulas come\u00e7aram no in\u00edcio deste m\u00eas. O objetivo do PRONATEC \u00e9 expandir, interiorizar e democratizar as ofertas de cursos de educa\u00e7\u00e3o profissional e tecnol\u00f3gica para alunos brasileiros.<\/p>\n<p>Nesta segunda etapa, h\u00e1 vagas para auxiliar administrativo (manh\u00e3), hidr\u00e1ulica (noite) e eletricista (tarde e noite). Ao final, os alunos que conclu\u00edrem a capacita\u00e7\u00e3o com aproveitamento receber\u00e3o certificado emitido pelo SENAI-RJ. As novas turmas iniciam as aulas no dia 28 de julho, no Centro de Qualifica\u00e7\u00e3o Profissional (CEQUAP). No mesmo local, est\u00e3o sendo realizadas as inscri\u00e7\u00f5es, das 8h \u00e0s 17h, de segunda a sexta-feira.<\/p>\n<p>Para se inscrever s\u00e3o necess\u00e1rias xerox do comprovante de escolaridade, comprovante de resid\u00eancia da cidade, RG, CPF e n\u00ba do NIS ou PIS\/PASEP. Outras informa\u00e7\u00f5es pelo telefone: (22) 2623-6575.<\/p>\n<p>Fonte: G1 &#8211;\u00a0<\/p>\n","protected":false},"excerpt":{"rendered":"<p>Inscri\u00e7\u00f5es devem ser feitas at\u00e9 o dia 11 de julho. Aulas ser\u00e3o ministradas pelo SENAI A Prefeitura de Arma\u00e7\u00e3o dos B\u00fazios, na Regi\u00e3o dos Lagos&#8230;<\/p>\n","protected":false},"author":1182,"featured_media":3546,"comment_status":"closed","ping_status":"closed","sticky":false,"template":"","format":"standard","meta":{"footnotes":""},"categories":[6],"tags":[602,1389,96,427,336,1391,1390],"class_list":["post-6301","post","type-post","status-publish","format-standard","has-post-thumbnail","hentry","category-noticias","tag-abertura","tag-buzios","tag-cursos","tag-gratuito","tag-inscricoes","tag-profissionalizantes","tag-rj"],"_links":{"self":[{"href":"https:\/\/www.sincomam.org.br\/index.php\/wp-json\/wp\/v2\/posts\/6301","targetHints":{"allow":["GET"]}}],"collection":[{"href":"https:\/\/www.sincomam.org.br\/index.php\/wp-json\/wp\/v2\/posts"}],"about":[{"href":"https:\/\/www.sincomam.org.br\/index.php\/wp-json\/wp\/v2\/types\/post"}],"author":[{"embeddable":true,"href":"https:\/\/www.sincomam.org.br\/index.php\/wp-json\/wp\/v2\/users\/1182"}],"replies":[{"embeddable":true,"href":"https:\/\/www.sincomam.org.br\/index.php\/wp-json\/wp\/v2\/comments?post=6301"}],"version-history":[{"count":1,"href":"https:\/\/www.sincomam.org.br\/index.php\/wp-json\/wp\/v2\/posts\/6301\/revisions"}],"predecessor-version":[{"id":6302,"href":"https:\/\/www.sincomam.org.br\/index.php\/wp-json\/wp\/v2\/posts\/6301\/revisions\/6302"}],"wp:featuredmedia":[{"embeddable":true,"href":"https:\/\/www.sincomam.org.br\/index.php\/wp-json\/wp\/v2\/media\/3546"}],"wp:attachment":[{"href":"https:\/\/www.sincomam.org.br\/index.php\/wp-json\/wp\/v2\/media?parent=6301"}],"wp:term":[{"taxonomy":"category","embeddable":true,"href":"https:\/\/www.sincomam.org.br\/index.php\/wp-json\/wp\/v2\/categories?post=6301"},{"taxonomy":"post_tag","embeddable":true,"href":"https:\/\/www.sincomam.org.br\/index.php\/wp-json\/wp\/v2\/tags?post=6301"}],"curies":[{"name":"wp","href":"https:\/\/api.w.org\/{rel}","templated":true}]}}