{"id":63009,"date":"2025-12-16T11:27:46","date_gmt":"2025-12-16T14:27:46","guid":{"rendered":"https:\/\/www.sincomam.org.br\/?p=63009"},"modified":"2025-12-16T11:27:46","modified_gmt":"2025-12-16T14:27:46","slug":"funcionarios-da-petrobras-entram-em-greve-por-tempo-indeterminado","status":"publish","type":"post","link":"https:\/\/www.sincomam.org.br\/index.php\/funcionarios-da-petrobras-entram-em-greve-por-tempo-indeterminado\/","title":{"rendered":"Funcion\u00e1rios da Petrobras entram em greve por tempo indeterminado"},"content":{"rendered":"<p><strong>Trabalhadores do Sistema Petrobras iniciaram uma\u00a0greve nacional\u00a0a partir da zero hora desta segunda-feira (15),\u00a0interrompendo por tempo indeterminado as atividades<\/strong>.<img decoding=\"async\" src=\"https:\/\/agenciabrasil.ebc.com.br\/ebc.png?id=1672121&amp;o=node\" \/><img decoding=\"async\" src=\"https:\/\/agenciabrasil.ebc.com.br\/ebc.gif?id=1672121&amp;o=node\" \/><\/p>\n<p>Segundo a Federa\u00e7\u00e3o \u00danica dos Petroleiros (FUP), o movimento come\u00e7ou forte j\u00e1 na madrugada, com a entrega da opera\u00e7\u00e3o das plataformas do Esp\u00edrito Santo e do Norte Fluminense \u00e0s equipes de conting\u00eancia da empresa, bem como do Terminal Aquavi\u00e1rio de Coari, no Amazonas, onde 100% da opera\u00e7\u00e3o aderiu ao movimento.<\/p>\n<blockquote><p>\u201cPela manh\u00e3, os trabalhadores de seis refinarias das bases da FUP tamb\u00e9m aderiram \u00e0 greve nacional e n\u00e3o realizaram o revezamento de turno, \u00e0s 7 horas. At\u00e9 o momento, est\u00e3o sem troca nos grupos de turno as refinarias Regap (Betim\/MG), Reduc (Duque de Caxias\/RJ), Replan (Paul\u00ednia\/SP), Recap (Mau\u00e1\/SP), Revap (S\u00e3o Jos\u00e9 dos Campos\/SP) e Repar (Arauc\u00e1ria\/PR)\u201d, diz a nota do sindicato.<\/p><\/blockquote>\n<p><strong>A decis\u00e3o foi tomada ap\u00f3s a rejei\u00e7\u00e3o da segunda contraproposta apresentada pela estatal para o Acordo Coletivo de Trabalho (ACT), considerada insuficiente pelas entidades representativas da categoria.<\/strong><\/p>\n<p>A nova proposta foi entregue pela Petrobras na ter\u00e7a-feira (9), mas, segundo os sindicatos,\u00a0n\u00e3o avan\u00e7a nos tr\u00eas pontos centrais das negocia\u00e7\u00f5es: a busca por uma solu\u00e7\u00e3o definitiva para os Planos de Equacionamento de D\u00e9ficit (PEDs) da Petros, que impactam diretamente a renda de aposentados e pensionistas; melhorias no plano de cargos e sal\u00e1rios, com garantias de recomposi\u00e7\u00e3o sem aplica\u00e7\u00e3o de mecanismos de ajuste fiscal; e a chamada pauta pelo Brasil Soberano, que defende a manuten\u00e7\u00e3o da Petrobras como empresa p\u00fablica e um modelo de neg\u00f3cios voltado ao fortalecimento da estatal.<\/p>\n<p><strong>A FUP afirmou que, al\u00e9m de n\u00e3o apresentar respostas conclusivas sobre os PEDs \u2014 tema discutido h\u00e1 quase tr\u00eas anos com o governo e entidades de participantes \u2014, a empresa tamb\u00e9m n\u00e3o ofereceu solu\u00e7\u00f5es consistentes para outras pend\u00eancias acumuladas ao longo do processo de negocia\u00e7\u00e3o<\/strong>.<\/p>\n<h2>Petrobras<\/h2>\n<p><strong>Em nota, a Petrobras informou que foram registradas manifesta\u00e7\u00f5es em unidades da companhia em virtude de movimento grevista.\u00a0 A companhia destacou que n\u00e3o h\u00e1 impacto na produ\u00e7\u00e3o de petr\u00f3leo e derivados e acrescentou que adotou medidas de conting\u00eancia para assegurar a continuidade das opera\u00e7\u00f5es e refor\u00e7a que o abastecimento ao mercado est\u00e1 garantido.<\/strong><\/p>\n<blockquote><p>\u201cA empresa respeita o direito de manifesta\u00e7\u00e3o dos empregados e mant\u00e9m um canal permanente de di\u00e1logo com as entidades sindicais, independentemente de agendas externas ou manifesta\u00e7\u00f5es p\u00fablicas\u201d, diz a Petrobras.<\/p><\/blockquote>\n<p><strong>A empresa completa que segue empenhada em concluir a negocia\u00e7\u00e3o do\u00a0 acordo na mesa de negocia\u00e7\u00f5es com as entidades sindicais<\/strong>.<\/p>\n<p>Fonte: Ag\u00eancia Brasil<\/p>\n","protected":false},"excerpt":{"rendered":"<p>Trabalhadores do Sistema Petrobras iniciaram uma\u00a0greve nacional\u00a0a partir da zero hora desta segunda-feira (15),\u00a0interrompendo por tempo indeterminado as atividades. Segundo a Federa\u00e7\u00e3o \u00danica dos Petroleiros&#8230;<\/p>\n","protected":false},"author":1527,"featured_media":63010,"comment_status":"closed","ping_status":"closed","sticky":false,"template":"","format":"standard","meta":{"footnotes":""},"categories":[6],"tags":[],"class_list":["post-63009","post","type-post","status-publish","format-standard","has-post-thumbnail","hentry","category-noticias"],"_links":{"self":[{"href":"https:\/\/www.sincomam.org.br\/index.php\/wp-json\/wp\/v2\/posts\/63009","targetHints":{"allow":["GET"]}}],"collection":[{"href":"https:\/\/www.sincomam.org.br\/index.php\/wp-json\/wp\/v2\/posts"}],"about":[{"href":"https:\/\/www.sincomam.org.br\/index.php\/wp-json\/wp\/v2\/types\/post"}],"author":[{"embeddable":true,"href":"https:\/\/www.sincomam.org.br\/index.php\/wp-json\/wp\/v2\/users\/1527"}],"replies":[{"embeddable":true,"href":"https:\/\/www.sincomam.org.br\/index.php\/wp-json\/wp\/v2\/comments?post=63009"}],"version-history":[{"count":1,"href":"https:\/\/www.sincomam.org.br\/index.php\/wp-json\/wp\/v2\/posts\/63009\/revisions"}],"predecessor-version":[{"id":63011,"href":"https:\/\/www.sincomam.org.br\/index.php\/wp-json\/wp\/v2\/posts\/63009\/revisions\/63011"}],"wp:featuredmedia":[{"embeddable":true,"href":"https:\/\/www.sincomam.org.br\/index.php\/wp-json\/wp\/v2\/media\/63010"}],"wp:attachment":[{"href":"https:\/\/www.sincomam.org.br\/index.php\/wp-json\/wp\/v2\/media?parent=63009"}],"wp:term":[{"taxonomy":"category","embeddable":true,"href":"https:\/\/www.sincomam.org.br\/index.php\/wp-json\/wp\/v2\/categories?post=63009"},{"taxonomy":"post_tag","embeddable":true,"href":"https:\/\/www.sincomam.org.br\/index.php\/wp-json\/wp\/v2\/tags?post=63009"}],"curies":[{"name":"wp","href":"https:\/\/api.w.org\/{rel}","templated":true}]}}