{"id":62986,"date":"2025-12-15T11:07:34","date_gmt":"2025-12-15T14:07:34","guid":{"rendered":"https:\/\/www.sincomam.org.br\/?p=62986"},"modified":"2025-12-15T11:07:34","modified_gmt":"2025-12-15T14:07:34","slug":"mercado-reduz-previsao-da-inflacao-para-436-este-ano","status":"publish","type":"post","link":"https:\/\/www.sincomam.org.br\/index.php\/mercado-reduz-previsao-da-inflacao-para-436-este-ano\/","title":{"rendered":"Mercado reduz previs\u00e3o da infla\u00e7\u00e3o para 4,36% este ano"},"content":{"rendered":"<p><strong>A previs\u00e3o do mercado financeiro para o \u00cdndice Nacional de Pre\u00e7os ao Consumidor Amplo (IPCA) &#8211; considerado a infla\u00e7\u00e3o oficial do pa\u00eds &#8211; passou de 4,4% para 4,36% este ano.<\/strong>\u00a0A estimativa foi publicada no boletim Focus desta segunda-feira (15), pesquisa divulgada semanalmente pelo Banco Central (BC) com a expectativa de institui\u00e7\u00f5es financeiras para os principais indicadores econ\u00f4micos.<img decoding=\"async\" src=\"https:\/\/agenciabrasil.ebc.com.br\/ebc.png?id=1672111&amp;o=node\" \/><img decoding=\"async\" src=\"https:\/\/agenciabrasil.ebc.com.br\/ebc.gif?id=1672111&amp;o=node\" \/><\/p>\n<p><strong>Para 2026, a proje\u00e7\u00e3o da infla\u00e7\u00e3o variou de 4,16% para 4,1%. Para 2027 e 2028, as previs\u00f5es s\u00e3o de 3,8% e 3,5%, respectivamente<\/strong>.<\/p>\n<p>Pela quinta semana seguida, a previs\u00e3o foi reduzida, alcan\u00e7ando o intervalo da meta de infla\u00e7\u00e3o que deve ser perseguida pelo BC.\u00a0<strong>Definida pelo Conselho Monet\u00e1rio Nacional (CMN), a meta \u00e9 de 3%, com intervalo de toler\u00e2ncia de 1,5 ponto percentual para cima ou para baixo. Ou seja, o limite inferior \u00e9 1,5% e o superior 4,5%<\/strong>.<\/p>\n<p>A alta no pre\u00e7o das passagens a\u00e9reas fez a\u00a0infla\u00e7\u00e3o de novembro chegar a 0,18%. Em outubro, o IPCA havia sido de 0,09%.<\/p>\n<p><strong>Com o resultado, a infla\u00e7\u00e3o acumulada em 12 meses \u00e9 4,46%, dentro da meta do CMN<\/strong>.<\/p>\n<h2>Juros b\u00e1sicos<\/h2>\n<p>Para alcan\u00e7ar a meta de infla\u00e7\u00e3o, o Banco Central usa como principal instrumento a taxa b\u00e1sica de juros &#8211; a Selic &#8211; definida em 15% ao ano pelo Comit\u00ea de Pol\u00edtica Monet\u00e1ria (Copom) do BC. O recuo da infla\u00e7\u00e3o e a desacelera\u00e7\u00e3o da economia levaram \u00e0\u00a0manuten\u00e7\u00e3o da Selic pela quarta vez seguida.<\/p>\n<p><strong>O colegiado n\u00e3o deu pistas de quando deve come\u00e7ar a cortar os juros. Em comunicado, o BC informou que o cen\u00e1rio atual est\u00e1 marcado por grande incerteza, que exige cautela na pol\u00edtica monet\u00e1ria, e que a estrat\u00e9gia do BC \u00e9 manter a Selic neste patamar por bastante tempo<\/strong>.<\/p>\n<p>A taxa est\u00e1 no maior n\u00edvel desde julho de 2006, quando estava em 15,25% ao ano. Ap\u00f3s chegar a 10,5% ao ano em maio do ano passado, a taxa come\u00e7ou a ser elevada em setembro de 2024. A Selic chegou a 15% ao ano na reuni\u00e3o de junho, sendo mantida nesse n\u00edvel desde ent\u00e3o.<\/p>\n<p><strong>A estimativa dos analistas de mercado \u00e9 que a taxa b\u00e1sica caia para 12,13% ao ano at\u00e9 o final de 2026. Para 2027 e 2028, a previs\u00e3o \u00e9 que a Selic seja reduzida novamente para 10,5% ao ano e 9,5% ao ano, respectivamente<\/strong>.<\/p>\n<p>Quando o Copom aumenta a Selic, a finalidade \u00e9 conter a demanda aquecida; isso causa reflexos nos pre\u00e7os porque os juros mais altos encarecem o cr\u00e9dito e estimulam a poupan\u00e7a. Assim, taxas mais altas tamb\u00e9m podem dificultar a expans\u00e3o da economia. Os bancos ainda consideram outros fatores na hora de definir os juros cobrados dos consumidores, como risco de inadimpl\u00eancia, lucro e despesas administrativas.<\/p>\n<p><strong>Quando a taxa Selic \u00e9 reduzida, a tend\u00eancia \u00e9 que o cr\u00e9dito fique mais barato, com incentivo \u00e0 produ\u00e7\u00e3o e ao consumo, reduzindo o controle sobre a infla\u00e7\u00e3o e estimulando a atividade econ\u00f4mica<\/strong>.<\/p>\n<h2>PIB e c\u00e2mbio<\/h2>\n<p><strong>Nesta edi\u00e7\u00e3o do boletim Focus, a estimativa das institui\u00e7\u00f5es financeiras para o crescimento da economia brasileira este ano permaneceu em 2,25%.<\/strong><\/p>\n<p><strong>Para 2026, a proje\u00e7\u00e3o para o Produto Interno Bruto (PIB, a soma dos bens e servi\u00e7os produzidos no pa\u00eds) ficou em 1,8%. Para 2027 e 2028, o mercado financeiro estima expans\u00e3o do PIB em 1,83% e 2%, respectivamente<\/strong>.<\/p>\n<p>Puxada pelas expans\u00f5es dos servi\u00e7os e da ind\u00fastria, no segundo trimestre deste ano a\u00a0economia brasileira cresceu 0,4%. Em 2024, o PIB fechou com alta de 3,4%. O resultado representa o quarto ano seguido de crescimento, sendo a maior expans\u00e3o desde 2021, quando o PIB alcan\u00e7ou 4,8%.<\/p>\n<p><strong>A previs\u00e3o da cota\u00e7\u00e3o do d\u00f3lar est\u00e1 em R$ 5,40 para o fim deste ano. No fim de 2026, estima-se que a moeda norte-americana fique em R$ 5,50<\/strong>.<\/p>\n<p>Fonte: Ag\u00eancia Brasil<\/p>\n","protected":false},"excerpt":{"rendered":"<p>A previs\u00e3o do mercado financeiro para o \u00cdndice Nacional de Pre\u00e7os ao Consumidor Amplo (IPCA) &#8211; considerado a infla\u00e7\u00e3o oficial do pa\u00eds &#8211; passou de&#8230;<\/p>\n","protected":false},"author":1527,"featured_media":62987,"comment_status":"closed","ping_status":"closed","sticky":false,"template":"","format":"standard","meta":{"footnotes":""},"categories":[6],"tags":[],"class_list":["post-62986","post","type-post","status-publish","format-standard","has-post-thumbnail","hentry","category-noticias"],"_links":{"self":[{"href":"https:\/\/www.sincomam.org.br\/index.php\/wp-json\/wp\/v2\/posts\/62986","targetHints":{"allow":["GET"]}}],"collection":[{"href":"https:\/\/www.sincomam.org.br\/index.php\/wp-json\/wp\/v2\/posts"}],"about":[{"href":"https:\/\/www.sincomam.org.br\/index.php\/wp-json\/wp\/v2\/types\/post"}],"author":[{"embeddable":true,"href":"https:\/\/www.sincomam.org.br\/index.php\/wp-json\/wp\/v2\/users\/1527"}],"replies":[{"embeddable":true,"href":"https:\/\/www.sincomam.org.br\/index.php\/wp-json\/wp\/v2\/comments?post=62986"}],"version-history":[{"count":1,"href":"https:\/\/www.sincomam.org.br\/index.php\/wp-json\/wp\/v2\/posts\/62986\/revisions"}],"predecessor-version":[{"id":62988,"href":"https:\/\/www.sincomam.org.br\/index.php\/wp-json\/wp\/v2\/posts\/62986\/revisions\/62988"}],"wp:featuredmedia":[{"embeddable":true,"href":"https:\/\/www.sincomam.org.br\/index.php\/wp-json\/wp\/v2\/media\/62987"}],"wp:attachment":[{"href":"https:\/\/www.sincomam.org.br\/index.php\/wp-json\/wp\/v2\/media?parent=62986"}],"wp:term":[{"taxonomy":"category","embeddable":true,"href":"https:\/\/www.sincomam.org.br\/index.php\/wp-json\/wp\/v2\/categories?post=62986"},{"taxonomy":"post_tag","embeddable":true,"href":"https:\/\/www.sincomam.org.br\/index.php\/wp-json\/wp\/v2\/tags?post=62986"}],"curies":[{"name":"wp","href":"https:\/\/api.w.org\/{rel}","templated":true}]}}