{"id":62938,"date":"2025-12-11T07:28:46","date_gmt":"2025-12-11T10:28:46","guid":{"rendered":"https:\/\/www.sincomam.org.br\/?p=62938"},"modified":"2025-12-11T07:28:46","modified_gmt":"2025-12-11T10:28:46","slug":"inflacao-que-reajusta-o-salario-minimo-fecha-em-418","status":"publish","type":"post","link":"https:\/\/www.sincomam.org.br\/index.php\/inflacao-que-reajusta-o-salario-minimo-fecha-em-418\/","title":{"rendered":"Infla\u00e7\u00e3o que reajusta o sal\u00e1rio m\u00ednimo fecha em 4,18%"},"content":{"rendered":"<p><strong>O \u00cdndice Nacional de Pre\u00e7os ao Consumidor (INPC) &#8211; indicador utilizado no c\u00e1lculo do reajuste anual do sal\u00e1rio m\u00ednimo &#8211; registrou 0,03% em novembro e acumula 4,18% em 12 meses.<\/strong><img decoding=\"async\" src=\"https:\/\/agenciabrasil.ebc.com.br\/ebc.png?id=1671604&amp;o=node\" \/><img decoding=\"async\" src=\"https:\/\/agenciabrasil.ebc.com.br\/ebc.gif?id=1671604&amp;o=node\" \/><\/p>\n<p>Os dados foram divulgados nesta quarta-feira (10), pelo Instituto Brasileiro de Geografia e Estat\u00edstica (IBGE).<\/p>\n<p><strong>\u00a0O\u00a0sal\u00e1rio m\u00ednimo\u00a02025 \u00e9 de R$ 1.518. Para 2026, a regra de reajuste determina que o valor sofra duas corre\u00e7\u00f5es. Uma \u00e9 pelo INPC de 12 meses acumulado at\u00e9 novembro do ano anterior, 2025. Ou seja, os 4,18% anunciados hoje.<\/strong><\/p>\n<p>A segunda corre\u00e7\u00e3o\u00a0\u00e9 o crescimento da economia\u00a0de dois anos antes, no caso, 2024. No \u00faltimo dia 4, o IBGE revisou os dados do Produto Interno Bruto (PIB, conjunto de bens e servi\u00e7os produzidos no pa\u00eds) de 2024, confirmando a expans\u00e3o em 3,4%.<\/p>\n<p>No entanto, o arcabou\u00e7o fiscal &#8211; mecanismo que controla a evolu\u00e7\u00e3o dos gastos p\u00fablicos &#8211; determina que o ganho acima da infla\u00e7\u00e3o seja limitado a um intervalo de 0,6% a 2,5%.<\/p>\n<p><strong>Por essa regra, o sal\u00e1rio m\u00ednimo de 2026 pode ser de R$ 1.620,99. Com o arredondamento previsto em lei, R$ 1.621. Reajuste total de R$ 103 (6,79%).<\/strong><\/p>\n<h2>Revis\u00e3o<\/h2>\n<p>O resultado anunciado nesta quarta-feira far\u00e1 o governo revisar c\u00e1lculos para as contas p\u00fablicas no ano que vem, pois o Projeto de Lei de Diretrizes Or\u00e7ament\u00e1rias de 2026, aprovado no Congresso, estima o sal\u00e1rio m\u00ednimo em R$ 1.627, que representaria reajuste de 7,18%.<\/p>\n<p><strong>O valor do sal\u00e1rio m\u00ednimo tem reflexos nas contas p\u00fablicas, al\u00e9m do pr\u00f3prio efeito em si, pois serve como base para outros gastos como o Benef\u00edcio de Presta\u00e7\u00e3o Continuada (BPC), pago a idosos e pessoa com defici\u00eancia em situa\u00e7\u00e3o de vulnerabilidade.<\/strong><\/p>\n<h2>INPC x IPCA<\/h2>\n<p><strong>Assim como o sal\u00e1rio m\u00ednimo leva em conta o acumulado at\u00e9 novembro, o seguro-desemprego, o teto do INSS e o benef\u00edcio de quem recebe acima do sal\u00e1rio m\u00ednimo s\u00e3o reajustados com base no resultado do INPC acumulado at\u00e9 dezembro.<\/strong><\/p>\n<p>O INPC tem divulga\u00e7\u00e3o sempre paralela a outro \u00edndice do IBGE, o \u00cdndice Nacional de Pre\u00e7os ao Consumidor Amplo (IPCA), conhecido como infla\u00e7\u00e3o oficial, que fechou novembro em 0,18% e acumula 4,46% em 12 meses.<\/p>\n<p>A diferen\u00e7a entre ambos \u00e9 que o INPC apura a varia\u00e7\u00e3o do custo de vida para as fam\u00edlias com renda de at\u00e9 cinco sal\u00e1rios m\u00ednimos e o IPCA at\u00e9 40 sal\u00e1rios m\u00ednimos.<\/p>\n<p><strong>O IBGE confere pesos diferentes aos grupos de pre\u00e7os pesquisados. No INPC, por exemplo, os alimentos representam quase 25% do \u00edndice, mais do que no IPCA, cerca de 21%, pois as fam\u00edlias de menor renda gastam proporcionalmente mais com comida. Na \u00f3tica inversa, o pre\u00e7o de passagem de avi\u00e3o pesa menos no INPC do que no IPCA.<\/strong><\/p>\n<p>De acordo com o IBGE, a apura\u00e7\u00e3o do INPC \u201ctem por objetivo a corre\u00e7\u00e3o do poder de compra dos sal\u00e1rios, atrav\u00e9s da mensura\u00e7\u00e3o das varia\u00e7\u00f5es de pre\u00e7os da cesta de consumo da popula\u00e7\u00e3o assalariada com mais baixo rendimento\u201d.<\/p>\n<p><strong>A coleta de pre\u00e7os \u00e9 feita em dez regi\u00f5es metropolitanas: Bel\u00e9m, Fortaleza, Recife, Salvador, Belo Horizonte, Vit\u00f3ria, Rio de Janeiro, S\u00e3o Paulo, Curitiba e Porto Alegre. A coleta tamb\u00e9m \u00e9 feita em Bras\u00edlia, Goi\u00e2nia, Campo Grande, Rio Branco, S\u00e3o Lu\u00eds e Aracaju.<\/strong><\/p>\n<p>Fonte: Ag\u00eancia Brasil<\/p>\n","protected":false},"excerpt":{"rendered":"<p>O \u00cdndice Nacional de Pre\u00e7os ao Consumidor (INPC) &#8211; indicador utilizado no c\u00e1lculo do reajuste anual do sal\u00e1rio m\u00ednimo &#8211; registrou 0,03% em novembro e&#8230;<\/p>\n","protected":false},"author":1527,"featured_media":62939,"comment_status":"closed","ping_status":"closed","sticky":false,"template":"","format":"standard","meta":{"footnotes":""},"categories":[6],"tags":[],"class_list":["post-62938","post","type-post","status-publish","format-standard","has-post-thumbnail","hentry","category-noticias"],"_links":{"self":[{"href":"https:\/\/www.sincomam.org.br\/index.php\/wp-json\/wp\/v2\/posts\/62938","targetHints":{"allow":["GET"]}}],"collection":[{"href":"https:\/\/www.sincomam.org.br\/index.php\/wp-json\/wp\/v2\/posts"}],"about":[{"href":"https:\/\/www.sincomam.org.br\/index.php\/wp-json\/wp\/v2\/types\/post"}],"author":[{"embeddable":true,"href":"https:\/\/www.sincomam.org.br\/index.php\/wp-json\/wp\/v2\/users\/1527"}],"replies":[{"embeddable":true,"href":"https:\/\/www.sincomam.org.br\/index.php\/wp-json\/wp\/v2\/comments?post=62938"}],"version-history":[{"count":1,"href":"https:\/\/www.sincomam.org.br\/index.php\/wp-json\/wp\/v2\/posts\/62938\/revisions"}],"predecessor-version":[{"id":62940,"href":"https:\/\/www.sincomam.org.br\/index.php\/wp-json\/wp\/v2\/posts\/62938\/revisions\/62940"}],"wp:featuredmedia":[{"embeddable":true,"href":"https:\/\/www.sincomam.org.br\/index.php\/wp-json\/wp\/v2\/media\/62939"}],"wp:attachment":[{"href":"https:\/\/www.sincomam.org.br\/index.php\/wp-json\/wp\/v2\/media?parent=62938"}],"wp:term":[{"taxonomy":"category","embeddable":true,"href":"https:\/\/www.sincomam.org.br\/index.php\/wp-json\/wp\/v2\/categories?post=62938"},{"taxonomy":"post_tag","embeddable":true,"href":"https:\/\/www.sincomam.org.br\/index.php\/wp-json\/wp\/v2\/tags?post=62938"}],"curies":[{"name":"wp","href":"https:\/\/api.w.org\/{rel}","templated":true}]}}