{"id":62913,"date":"2025-12-10T09:59:49","date_gmt":"2025-12-10T12:59:49","guid":{"rendered":"https:\/\/www.sincomam.org.br\/?p=62913"},"modified":"2025-12-10T09:55:36","modified_gmt":"2025-12-10T12:55:36","slug":"inss-amplia-temporariamente-prazo-de-auxilio-doenca-sem-pericia-entenda-mudancas","status":"publish","type":"post","link":"https:\/\/www.sincomam.org.br\/index.php\/inss-amplia-temporariamente-prazo-de-auxilio-doenca-sem-pericia-entenda-mudancas\/","title":{"rendered":"INSS amplia temporariamente prazo de aux\u00edlio-doen\u00e7a sem per\u00edcia; entenda mudan\u00e7as"},"content":{"rendered":"<div id=\"chunk-2dogc\">\n<div class=\"mc-column content-text active-extra-styles \" data-block-type=\"unstyled\" data-block-weight=\"39\" data-block-id=\"3\">\n<p class=\" content-text__container \" data-track-category=\"Link no Texto\" data-track-links=\"\" data-mrf-recirculation=\"Mat\u00e9ria - Links no Texto\">O prazo m\u00e1ximo do aux\u00edlio por incapacidade tempor\u00e1ria concedido pelo Atestmed \u2014 sistema que permite liberar o benef\u00edcio sem per\u00edcia presencial \u2014 foi\u00a0<strong>ampliado temporariamente\u00a0<\/strong>pelo Minist\u00e9rio da Previd\u00eancia Social. A mudan\u00e7a est\u00e1 na Portaria Conjunta MPS\/INSS n\u00ba 83.<\/p>\n<\/div>\n<\/div>\n<div class=\"wall protected-content\">\n<div id=\"chunk-6t78i\">\n<div class=\"mc-column content-text active-extra-styles \" data-block-type=\"unstyled\" data-block-weight=\"44\" data-block-id=\"5\">\n<p class=\" content-text__container \" data-track-category=\"Link no Texto\" data-track-links=\"\" data-mrf-recirculation=\"Mat\u00e9ria - Links no Texto\">Pela nova regra,\u00a0<strong>os pedidos analisados somente por documentos podem resultar em at\u00e9 60 dias de afastamento.<\/strong>\u00a0Esse prazo ampliado vale por 120 dias, ou seja, at\u00e9 abril de 2026. Depois disso, a partir de maio, o limite volta a ser de 30 dias.<\/p>\n<\/div>\n<p data-track-category=\"Link no Texto\" data-track-links=\"\" data-mrf-recirculation=\"Mat\u00e9ria - Links no Texto\"><strong><span class=\"highlight highlighted\">Um ponto importante:<\/span><\/strong><span class=\"highlight highlighted\">\u00a0esse limite de 60 dias vale mesmo que o segurado envie mais de um atestado durante a vig\u00eancia da portaria.<\/span>\u00a0O INSS vai somar todos os afastamentos concedidos via an\u00e1lise documental at\u00e9 atingir os 60 dias.<\/p>\n<div id=\"chunk-cedp2\">\n<div class=\"mc-column content-text active-extra-styles \" data-block-type=\"unstyled\" data-block-weight=\"35\" data-block-id=\"9\">\n<p class=\" content-text__container \" data-track-category=\"Link no Texto\" data-track-links=\"\" data-mrf-recirculation=\"Mat\u00e9ria - Links no Texto\">A portaria tamb\u00e9m confirma que todos os benef\u00edcios concedidos antes da publica\u00e7\u00e3o da norma est\u00e3o validados. Isso garante seguran\u00e7a jur\u00eddica para quem j\u00e1 teve o pedido aprovado ou ainda est\u00e1 com o processo em an\u00e1lise.<\/p>\n<\/div>\n<\/div>\n<div id=\"chunk-ck120\">\n<div class=\"mc-column content-text active-extra-styles \" data-block-type=\"unstyled\" data-block-weight=\"9\" data-block-id=\"10\">\n<p class=\" content-text__container \" data-track-category=\"Link no Texto\" data-track-links=\"\" data-mrf-recirculation=\"Mat\u00e9ria - Links no Texto\">O prazo do Atestmed j\u00e1 mudou outras vezes.<\/p>\n<\/div>\n<\/div>\n<div id=\"chunk-8kiig\">\n<div class=\"mc-column content-text active-extra-styles\" data-block-type=\"raw\" data-block-weight=\"62\" data-block-id=\"11\">\n<ul class=\"content-unordered-list\" data-mrf-recirculation=\"Mat\u00e9ria - Leia Tamb\u00e9m (Lista)\">\n<li>Na vers\u00e3o original da an\u00e1lise documental, criada pela Portaria Conjunta n\u00ba 38\/2023,\u00a0<strong>era poss\u00edvel receber o aux\u00edlio por at\u00e9 180 dias sem passar por per\u00edcia presencial<\/strong>.<\/li>\n<li>Depois, mudan\u00e7as na legisla\u00e7\u00e3o previdenci\u00e1ria passaram a permitir que o governo ajustasse esses prazos por portaria \u2014 o que abriu caminho para as regras atuais,\u00a0<strong>incluindo o limite de 30 dias definido em junho de 2025.<\/strong><\/li>\n<\/ul>\n<p>&nbsp;<\/p>\n<\/div>\n<\/div>\n<div id=\"chunk-n45o\">\n<div class=\"mc-column content-text active-extra-styles \" data-block-type=\"unstyled\" data-block-weight=\"25\" data-block-id=\"12\">\n<p class=\" content-text__container \" data-track-category=\"Link no Texto\" data-track-links=\"\" data-mrf-recirculation=\"Mat\u00e9ria - Links no Texto\">As novas regras valem apenas pelos pr\u00f3ximos 120 dias. Ap\u00f3s esse per\u00edodo, deixam de vigorar, a menos que outra norma prorrogue ou modifique o modelo.<\/p>\n<\/div>\n<\/div>\n<div id=\"chunk-6qbvu\">\n<div class=\"mc-column content-text active-extra-styles \" data-block-type=\"unstyled\" data-block-weight=\"22\" data-block-id=\"13\">\n<p class=\" content-text__container \" data-track-category=\"Link no Texto\" data-track-links=\"\" data-mrf-recirculation=\"Mat\u00e9ria - Links no Texto\">At\u00e9 l\u00e1, todos os pedidos feitos pelo Atestmed seguem o limite de 60 dias, considerando a soma dos afastamentos dentro desse per\u00edodo.<\/p>\n<\/div>\n<\/div>\n<div id=\"chunk-4oene\">\n<div class=\"mc-column content-text active-extra-styles \" data-block-type=\"unstyled\" data-block-weight=\"19\" data-block-id=\"14\">\n<p class=\" content-text__container \" data-track-category=\"Link no Texto\" data-track-links=\"\" data-mrf-recirculation=\"Mat\u00e9ria - Links no Texto\">O INSS orienta que o segurado\u00a0<strong>continue enviando documentos completos\u00a0<\/strong>para evitar indeferimentos e garantir uma an\u00e1lise mais \u00e1gil.<\/p>\n<\/div>\n<\/div>\n<div id=\"chunk-1od80\">\n<div class=\"mc-column content-text active-extra-styles\" data-block-type=\"raw\" data-block-weight=\"5\" data-block-id=\"15\">\n<div class=\"content-intertitle\">\n<h2>O que \u00e9 o Atestmed?<\/h2>\n<\/div>\n<p>O Atestmed \u00e9 um mecanismo criado durante a pandemia de Covid-19 para agilizar o atendimento e reduzir a fila de per\u00edcias do aux\u00edlio por incapacidade tempor\u00e1ria. Ele permite que o INSS avalie atestados e laudos m\u00e9dicos enviados pela internet, sem necessidade de agendamento presencial.<\/p>\n<div id=\"chunk-5s2la\">\n<div class=\"mc-column content-text active-extra-styles \" data-block-type=\"unstyled\" data-block-weight=\"9\" data-block-id=\"18\">\n<p class=\" content-text__container \" data-track-category=\"Link no Texto\" data-track-links=\"\" data-mrf-recirculation=\"Mat\u00e9ria - Links no Texto\"><strong><span class=\"highlight highlighted\">Para isso, o documento deve conter informa\u00e7\u00f5es obrigat\u00f3rias, como:<\/span><\/strong><\/p>\n<\/div>\n<\/div>\n<div id=\"chunk-7sqhe\">\n<div class=\"mc-column content-text active-extra-styles\" data-block-type=\"raw\" data-block-weight=\"15\" data-block-id=\"19\">\n<ul class=\"content-unordered-list\" data-mrf-recirculation=\"Mat\u00e9ria - Leia Tamb\u00e9m (Lista)\">\n<li>assinatura e dados do profissional de sa\u00fade;<\/li>\n<li>c\u00f3digo CID da doen\u00e7a;<\/li>\n<li>tempo estimado de afastamento.<\/li>\n<\/ul>\n<p>Quando esses requisitos s\u00e3o atendidos, o instituto pode conceder o benef\u00edcio diretamente pela plataforma, evitando o deslocamento do trabalhador at\u00e9 o \u00f3rg\u00e3o.<\/p>\n<div id=\"chunk-9b3cn\">\n<div class=\"mc-column content-text active-extra-styles\" data-block-type=\"raw\" data-block-weight=\"8\" data-block-id=\"22\">\n<div class=\"content-intertitle\">\n<h2>O que \u00e9 o aux\u00edlio por incapacidade tempor\u00e1ria?<\/h2>\n<\/div>\n<p>&nbsp;<\/p>\n<\/div>\n<\/div>\n<div id=\"chunk-3qvgn\">\n<div class=\"mc-column content-text active-extra-styles \" data-block-type=\"unstyled\" data-block-weight=\"34\" data-block-id=\"23\">\n<p class=\" content-text__container \" data-track-category=\"Link no Texto\" data-track-links=\"\" data-mrf-recirculation=\"Mat\u00e9ria - Links no Texto\">O aux\u00edlio por incapacidade tempor\u00e1ria,\u00a0<strong>antes chamado de aux\u00edlio-doen\u00e7a<\/strong>, \u00e9 destinado aos trabalhadores que contribuem mensalmente para a Previd\u00eancia Social e que, por problemas de sa\u00fade, ficam temporariamente incapazes de retornar \u00e0s suas atividades.<\/p>\n<\/div>\n<\/div>\n<div id=\"chunk-3g3o3\">\n<div class=\"mc-column content-text active-extra-styles \" data-block-type=\"unstyled\" data-block-weight=\"36\" data-block-id=\"24\">\n<p class=\" content-text__container \" data-track-category=\"Link no Texto\" data-track-links=\"\" data-mrf-recirculation=\"Mat\u00e9ria - Links no Texto\">Mas n\u00e3o basta ser contribuinte para ter direito ao benef\u00edcio. O INSS exige que o solicitante comprove,\u00a0<strong>por meio de per\u00edcia m\u00e9dica<\/strong>, a incapacidade para seu trabalho ou atividade habitual por mais de 15 dias consecutivos.<\/p>\n<div id=\"chunk-eje97\">\n<div class=\"mc-column content-text active-extra-styles \" data-block-type=\"unstyled\" data-block-weight=\"25\" data-block-id=\"26\">\n<p class=\" content-text__container \" data-track-category=\"Link no Texto\" data-track-links=\"\" data-mrf-recirculation=\"Mat\u00e9ria - Links no Texto\">O trabalhador tamb\u00e9m deve ter\u00a0<strong>ao menos 12 contribui\u00e7\u00f5es mensais pagas<\/strong>. Essa regra, por\u00e9m, n\u00e3o vale para casos excepcionais, como acidentes e doen\u00e7as do trabalho.<\/p>\n<\/div>\n<\/div>\n<div id=\"chunk-7o1pt\">\n<div class=\"mc-column content-text active-extra-styles \" data-block-type=\"unstyled\" data-block-weight=\"11\" data-block-id=\"27\">\n<p class=\" content-text__container \" data-track-category=\"Link no Texto\" data-track-links=\"\" data-mrf-recirculation=\"Mat\u00e9ria - Links no Texto\"><strong><span class=\"highlight highlighted\">O INSS tamb\u00e9m dispensa car\u00eancia para trabalhadores acometidos pelas seguintes doen\u00e7as:<\/span><\/strong><\/p>\n<\/div>\n<\/div>\n<div id=\"chunk-35b92\">\n<div class=\"mc-column content-text active-extra-styles\" data-block-type=\"raw\" data-block-weight=\"49\" data-block-id=\"28\">\n<ul class=\"content-unordered-list\" data-mrf-recirculation=\"Mat\u00e9ria - Leia Tamb\u00e9m (Lista)\">\n<li>Tuberculose ativa;<\/li>\n<li>Hansen\u00edase;<\/li>\n<li>Transtorno mental grave, desde que esteja cursando com aliena\u00e7\u00e3o mental;<\/li>\n<li>Neoplasia maligna;<\/li>\n<li>Cegueira;<\/li>\n<li>Paralisia irrevers\u00edvel e incapacitante;<\/li>\n<li>Cardiopatia grave;<\/li>\n<li>Doen\u00e7as de Parkinson;<\/li>\n<li>Espondilite anquilosante (Aids)<\/li>\n<li>Contamina\u00e7\u00e3o por radia\u00e7\u00e3o, com base em conclus\u00e3o da medicina especializada;<\/li>\n<li>Hepatopatia grave;<\/li>\n<li>Esclerose m\u00faltipla;<\/li>\n<li>Acidente vascular encef\u00e1lico (agudo);<\/li>\n<li>Abdome agudo cir\u00fargico;<\/li>\n<\/ul>\n<p>Fonte: G1<\/p>\n<\/div>\n<\/div>\n<\/div>\n<\/div>\n<\/div>\n<\/div>\n<\/div>\n<\/div>\n<\/div>\n<\/div>\n","protected":false},"excerpt":{"rendered":"<p>O prazo m\u00e1ximo do aux\u00edlio por incapacidade tempor\u00e1ria concedido pelo Atestmed \u2014 sistema que permite liberar o benef\u00edcio sem per\u00edcia presencial \u2014 foi\u00a0ampliado temporariamente\u00a0pelo Minist\u00e9rio&#8230;<\/p>\n","protected":false},"author":1527,"featured_media":62914,"comment_status":"closed","ping_status":"closed","sticky":false,"template":"","format":"standard","meta":{"footnotes":""},"categories":[6],"tags":[],"class_list":["post-62913","post","type-post","status-publish","format-standard","has-post-thumbnail","hentry","category-noticias"],"_links":{"self":[{"href":"https:\/\/www.sincomam.org.br\/index.php\/wp-json\/wp\/v2\/posts\/62913","targetHints":{"allow":["GET"]}}],"collection":[{"href":"https:\/\/www.sincomam.org.br\/index.php\/wp-json\/wp\/v2\/posts"}],"about":[{"href":"https:\/\/www.sincomam.org.br\/index.php\/wp-json\/wp\/v2\/types\/post"}],"author":[{"embeddable":true,"href":"https:\/\/www.sincomam.org.br\/index.php\/wp-json\/wp\/v2\/users\/1527"}],"replies":[{"embeddable":true,"href":"https:\/\/www.sincomam.org.br\/index.php\/wp-json\/wp\/v2\/comments?post=62913"}],"version-history":[{"count":2,"href":"https:\/\/www.sincomam.org.br\/index.php\/wp-json\/wp\/v2\/posts\/62913\/revisions"}],"predecessor-version":[{"id":62918,"href":"https:\/\/www.sincomam.org.br\/index.php\/wp-json\/wp\/v2\/posts\/62913\/revisions\/62918"}],"wp:featuredmedia":[{"embeddable":true,"href":"https:\/\/www.sincomam.org.br\/index.php\/wp-json\/wp\/v2\/media\/62914"}],"wp:attachment":[{"href":"https:\/\/www.sincomam.org.br\/index.php\/wp-json\/wp\/v2\/media?parent=62913"}],"wp:term":[{"taxonomy":"category","embeddable":true,"href":"https:\/\/www.sincomam.org.br\/index.php\/wp-json\/wp\/v2\/categories?post=62913"},{"taxonomy":"post_tag","embeddable":true,"href":"https:\/\/www.sincomam.org.br\/index.php\/wp-json\/wp\/v2\/tags?post=62913"}],"curies":[{"name":"wp","href":"https:\/\/api.w.org\/{rel}","templated":true}]}}