{"id":62908,"date":"2025-12-10T09:50:33","date_gmt":"2025-12-10T12:50:33","guid":{"rendered":"https:\/\/www.sincomam.org.br\/?p=62908"},"modified":"2025-12-10T09:50:33","modified_gmt":"2025-12-10T12:50:33","slug":"antaq-realizou-webinario-tecnico-sobre-o-afretamento-por-tempo-na-navegacao-de-apoio-maritimo","status":"publish","type":"post","link":"https:\/\/www.sincomam.org.br\/index.php\/antaq-realizou-webinario-tecnico-sobre-o-afretamento-por-tempo-na-navegacao-de-apoio-maritimo\/","title":{"rendered":"ANTAQ realizou webin\u00e1rio t\u00e9cnico sobre o afretamento por tempo na navega\u00e7\u00e3o de apoio mar\u00edtimo"},"content":{"rendered":"<p>A Ag\u00eancia Nacional de Transportes Aquavi\u00e1rios (ANTAQ) realizou Webin\u00e1rio T\u00e9cnico para tratar do afretamento por tempo na navega\u00e7\u00e3o mar\u00edtima, com \u00eanfase em apoio mar\u00edtimo, nesta segunda-feira (08).<\/p>\n<p>O objetivo \u00e9 obter contribui\u00e7\u00f5es, subs\u00eddios e sugest\u00f5es referentes ao relat\u00f3rio de An\u00e1lise de Impacto Regulat\u00f3rio (AIR) preliminar desse tema, que est\u00e1 inclu\u00eddo na Agenda Regulat\u00f3ria 2025\/2028. As contribui\u00e7\u00f5es podem ser enviadas at\u00e9 o dia 6 de janeiro de 2026.<\/p>\n<p>A diretora Fl\u00e1via Takafashi, relatora do processo que trata do tema, ressaltou a import\u00e2ncia dos debates nos webin\u00e1rios t\u00e9cnicos, momento em que s\u00e3o explicadas as bases utilizadas para as altera\u00e7\u00f5es dos normativos.<\/p>\n<p>Al\u00e9m disso, falou sobre a alta demanda do setor quanto \u00e0 esse tema, \u201cdesde a san\u00e7\u00e3o da Lei BR do Mar, n\u00f3s vemos uma demanda do setor de trazer mais quest\u00f5es que envolvem o apoio mar\u00edtimo (&#8230;). N\u00f3s temos dois temas sobre o apoio mar\u00edtimo, esse sobre a indisponibilidade de embarca\u00e7\u00f5es do afretamento por tempo e o c\u00e1lculo de tonelagem, que \u00e9 outro tema que est\u00e1 para ser estudado\u201d.<\/p>\n<p>A participa\u00e7\u00e3o social servir\u00e1 como subs\u00eddio para fortalecer os instrumentos regulat\u00f3rios relacionados ao afretamento por tempo na navega\u00e7\u00e3o de apoio mar\u00edtimo. Essa a\u00e7\u00e3o refor\u00e7a o papel e compromisso da Ag\u00eancia de promover mais efici\u00eancia, seguran\u00e7a, previsibilidade regulat\u00f3ria e competitividade ao setor regulado.<\/p>\n<p>A tomada de subs\u00eddios \u00e9 voltada exclusivamente para a navega\u00e7\u00e3o de apoio mar\u00edtimo. Ela integra a abordagem do tema 2.1 da Agenda Regulat\u00f3ria da ANTAQ 2025\/2028 \u2014 Afretamento por tempo na navega\u00e7\u00e3o mar\u00edtima, que tamb\u00e9m contempla a navega\u00e7\u00e3o de cabotagem, assunto que j\u00e1 passou pelos procedimentos de participa\u00e7\u00e3o social.<\/p>\n<p>O encontro acontece no contexto da Tomada de Subs\u00eddios SRG N\u00ba 3\/2025-ANTAQ. No total, durante a sess\u00e3o, 4 pessoas contribu\u00edram enviando mensagens pelo WhatsApp.<\/p>\n<p><b>Contribui\u00e7\u00f5es<\/b><\/p>\n<p>Mais informa\u00e7\u00f5es sobre a tomada de subs\u00eddios est\u00e3o dispon\u00edveis\u00a0<a href=\"https:\/\/www.gov.br\/antaq\/pt-br\/acesso-a-informacao\/participacao-social\/tomada-de-subsidio-1\/tomada-de-subsidios-em-andamento\">neste link<\/a>.<\/p>\n<p>As contribui\u00e7\u00f5es come\u00e7am no dia 8 de dezembro e poder\u00e3o ser dirigidas \u00e0 ANTAQ at\u00e9 as 23h59 do dia 6 de janeiro de 2026. Os envios devem ser realizados exclusivamente pelo formul\u00e1rio eletr\u00f4nico dispon\u00edvel no site da autarquia. Para o envio de imagens digitais, tais como mapas, plantas e fotos devem ser encaminhados para o e-mail:\u00a0<a href=\"mailto:srg@antaq.gov.br\">srg@antaq.gov.br<\/a>.<\/p>\n<p>Caso o interessado n\u00e3o disponha dos recursos necess\u00e1rios para o envio da contribui\u00e7\u00e3o por meio do question\u00e1rio eletr\u00f4nico, poder\u00e1 faz\u00ea-la utilizando o computador da Secretaria-Geral &#8211; SGE, desta Ag\u00eancia, no caso de Bras\u00edlia, ou nas suas Unidades Regionais, cujos endere\u00e7os se encontram dispon\u00edveis no s\u00edtio da ANTAQ.<\/p>\n<p>Fonte: Antaq<\/p>\n","protected":false},"excerpt":{"rendered":"<p>A Ag\u00eancia Nacional de Transportes Aquavi\u00e1rios (ANTAQ) realizou Webin\u00e1rio T\u00e9cnico para tratar do afretamento por tempo na navega\u00e7\u00e3o mar\u00edtima, com \u00eanfase em apoio mar\u00edtimo, nesta&#8230;<\/p>\n","protected":false},"author":1527,"featured_media":62911,"comment_status":"closed","ping_status":"closed","sticky":false,"template":"","format":"standard","meta":{"footnotes":""},"categories":[6],"tags":[],"class_list":["post-62908","post","type-post","status-publish","format-standard","has-post-thumbnail","hentry","category-noticias"],"_links":{"self":[{"href":"https:\/\/www.sincomam.org.br\/index.php\/wp-json\/wp\/v2\/posts\/62908","targetHints":{"allow":["GET"]}}],"collection":[{"href":"https:\/\/www.sincomam.org.br\/index.php\/wp-json\/wp\/v2\/posts"}],"about":[{"href":"https:\/\/www.sincomam.org.br\/index.php\/wp-json\/wp\/v2\/types\/post"}],"author":[{"embeddable":true,"href":"https:\/\/www.sincomam.org.br\/index.php\/wp-json\/wp\/v2\/users\/1527"}],"replies":[{"embeddable":true,"href":"https:\/\/www.sincomam.org.br\/index.php\/wp-json\/wp\/v2\/comments?post=62908"}],"version-history":[{"count":1,"href":"https:\/\/www.sincomam.org.br\/index.php\/wp-json\/wp\/v2\/posts\/62908\/revisions"}],"predecessor-version":[{"id":62912,"href":"https:\/\/www.sincomam.org.br\/index.php\/wp-json\/wp\/v2\/posts\/62908\/revisions\/62912"}],"wp:featuredmedia":[{"embeddable":true,"href":"https:\/\/www.sincomam.org.br\/index.php\/wp-json\/wp\/v2\/media\/62911"}],"wp:attachment":[{"href":"https:\/\/www.sincomam.org.br\/index.php\/wp-json\/wp\/v2\/media?parent=62908"}],"wp:term":[{"taxonomy":"category","embeddable":true,"href":"https:\/\/www.sincomam.org.br\/index.php\/wp-json\/wp\/v2\/categories?post=62908"},{"taxonomy":"post_tag","embeddable":true,"href":"https:\/\/www.sincomam.org.br\/index.php\/wp-json\/wp\/v2\/tags?post=62908"}],"curies":[{"name":"wp","href":"https:\/\/api.w.org\/{rel}","templated":true}]}}