{"id":62905,"date":"2025-12-10T08:44:30","date_gmt":"2025-12-10T11:44:30","guid":{"rendered":"https:\/\/www.sincomam.org.br\/?p=62905"},"modified":"2025-12-10T08:44:30","modified_gmt":"2025-12-10T11:44:30","slug":"marinha-qualifica-militares-em-defesa-cibernetica-e-cabeamento-estruturado-em-ladario-2","status":"publish","type":"post","link":"https:\/\/www.sincomam.org.br\/index.php\/marinha-qualifica-militares-em-defesa-cibernetica-e-cabeamento-estruturado-em-ladario-2\/","title":{"rendered":"Marinha qualifica militares em Defesa Cibern\u00e9tica e Cabeamento Estruturado em Lad\u00e1rio"},"content":{"rendered":"<p>Em um cen\u00e1rio global de crescentes amea\u00e7as digitais, a\u00a0<strong data-start=\"527\" data-end=\"548\">Marinha do Brasil<\/strong>\u00a0refor\u00e7a sua prontid\u00e3o tecnol\u00f3gica. O\u00a0<strong data-start=\"586\" data-end=\"637\">Centro Local de Tecnologia da Informa\u00e7\u00e3o (CLTI)<\/strong>\u00a0do\u00a0<strong data-start=\"641\" data-end=\"683\">Comando do 6\u00ba Distrito Naval (Com6\u00baDN)<\/strong>\u00a0realizou, entre\u00a0<strong data-start=\"700\" data-end=\"733\">29 de setembro e 8 de outubro<\/strong>, os est\u00e1gios de\u00a0<strong data-start=\"750\" data-end=\"776\">Cabeamento Estruturado<\/strong>\u00a0e\u00a0<strong data-start=\"779\" data-end=\"827\">Defesa Cibern\u00e9tica e Seguran\u00e7a da Informa\u00e7\u00e3o<\/strong>, capacitando\u00a0<strong data-start=\"841\" data-end=\"865\">24 Oficiais e Pra\u00e7as<\/strong>\u00a0do\u00a0<strong data-start=\"869\" data-end=\"898\">Complexo Naval de Lad\u00e1rio<\/strong>. A iniciativa fortalece a\u00a0<strong data-start=\"925\" data-end=\"946\">seguran\u00e7a digital<\/strong>\u00a0e a\u00a0<strong data-start=\"951\" data-end=\"975\">infraestrutura de TI<\/strong>\u00a0nas opera\u00e7\u00f5es navais da regi\u00e3o Centro-Oeste.<\/p>\n<h3 data-start=\"1029\" data-end=\"1080\"><strong data-start=\"1033\" data-end=\"1080\">Infraestrutura e seguran\u00e7a das redes navais<\/strong><\/h3>\n<p data-start=\"1082\" data-end=\"1499\">Durante os est\u00e1gios, os militares receberam instru\u00e7\u00f5es te\u00f3ricas e pr\u00e1ticas sobre\u00a0<strong data-start=\"1163\" data-end=\"1208\">normas t\u00e9cnicas de cabeamento estruturado<\/strong>,\u00a0<strong data-start=\"1210\" data-end=\"1244\">elabora\u00e7\u00e3o de projetos de rede<\/strong>\u00a0e\u00a0<strong data-start=\"1247\" data-end=\"1287\">infraestrutura de comunica\u00e7\u00e3o segura<\/strong>. As aulas ocorreram na\u00a0<strong data-start=\"1311\" data-end=\"1377\">sala de ensino \u00e0 dist\u00e2ncia do Centro de Intend\u00eancia da Marinha<\/strong>, permitindo a aplica\u00e7\u00e3o de metodologias modernas de aprendizado e integra\u00e7\u00e3o entre os diversos setores t\u00e9cnicos da For\u00e7a.<\/p>\n<p data-start=\"1501\" data-end=\"1930\">Os instrutores abordaram temas como\u00a0<strong data-start=\"1537\" data-end=\"1625\">responsabilidades legais dos Oficiais de Seguran\u00e7a da Informa\u00e7\u00e3o e Comunica\u00e7\u00e3o (SIC)<\/strong>,\u00a0<strong data-start=\"1627\" data-end=\"1665\">padroniza\u00e7\u00e3o de cabos e conectores<\/strong>,\u00a0<strong data-start=\"1667\" data-end=\"1693\">gest\u00e3o de data centers<\/strong>\u00a0e\u00a0<strong data-start=\"1696\" data-end=\"1732\">resili\u00eancia de sistemas cr\u00edticos<\/strong>. O treinamento buscou alinhar as pr\u00e1ticas locais \u00e0s\u00a0<strong data-start=\"1785\" data-end=\"1826\">pol\u00edticas de SIC da Marinha do\u00a0Brasil<\/strong>, garantindo que as comunica\u00e7\u00f5es navais estejam protegidas contra falhas estruturais e amea\u00e7as externas.<\/p>\n<h3 data-start=\"1937\" data-end=\"1987\"><strong data-start=\"1941\" data-end=\"1987\">Prontid\u00e3o operacional e defesa cibern\u00e9tica<\/strong><\/h3>\n<p data-start=\"1989\" data-end=\"2342\">A capacita\u00e7\u00e3o em\u00a0<strong data-start=\"2006\" data-end=\"2028\">defesa cibern\u00e9tica<\/strong>\u00a0ampliou a capacidade do Com6\u00baDN de identificar, prevenir e reagir a incidentes digitais. Foram abordados conceitos de\u00a0<strong data-start=\"2147\" data-end=\"2165\">ciberseguran\u00e7a<\/strong>,\u00a0<strong data-start=\"2167\" data-end=\"2183\">criptografia<\/strong>,\u00a0<strong data-start=\"2185\" data-end=\"2207\">controle de acesso<\/strong>\u00a0e\u00a0<strong data-start=\"2210\" data-end=\"2245\">resposta a ataques cibern\u00e9ticos<\/strong>, temas essenciais para a prote\u00e7\u00e3o das redes navais e das infraestruturas cr\u00edticas de informa\u00e7\u00e3o.<\/p>\n<p data-start=\"2344\" data-end=\"2744\">Com o avan\u00e7o das tecnologias de comunica\u00e7\u00e3o e a crescente digitaliza\u00e7\u00e3o das opera\u00e7\u00f5es militares, a\u00a0<strong data-start=\"2443\" data-end=\"2470\">seguran\u00e7a da informa\u00e7\u00e3o<\/strong>\u00a0tornou-se elemento-chave da\u00a0<strong data-start=\"2499\" data-end=\"2532\">estrat\u00e9gia de\u00a0defesa nacional<\/strong>. Nesse contexto, o treinamento oferecido pelo CLTI contribui diretamente para o fortalecimento da\u00a0<strong data-start=\"2631\" data-end=\"2649\">ciberprontid\u00e3o<\/strong>\u00a0do Comando, garantindo a continuidade e a confiabilidade dos sistemas operacionais da Marinha.<\/p>\n<h3 data-start=\"2751\" data-end=\"2815\"><strong data-start=\"2755\" data-end=\"2815\">Moderniza\u00e7\u00e3o tecnol\u00f3gica e valoriza\u00e7\u00e3o do capital humano<\/strong><\/h3>\n<p data-start=\"2817\" data-end=\"3202\">O\u00a0<strong data-start=\"2819\" data-end=\"2863\">Centro Local de Tecnologia da Informa\u00e7\u00e3o<\/strong>\u00a0tem desempenhado papel decisivo na\u00a0<strong data-start=\"2899\" data-end=\"2942\">forma\u00e7\u00e3o e atualiza\u00e7\u00e3o de profissionais<\/strong>\u00a0que lidam com sistemas sens\u00edveis e cr\u00edticos da For\u00e7a Naval. Al\u00e9m de modernizar a infraestrutura tecnol\u00f3gica, o CLTI promove a\u00a0<strong data-start=\"3069\" data-end=\"3095\">capacita\u00e7\u00e3o permanente<\/strong>\u00a0dos militares, refor\u00e7ando a integra\u00e7\u00e3o entre\u00a0<strong data-start=\"3141\" data-end=\"3201\">conhecimento t\u00e9cnico, doutrina e seguran\u00e7a institucional<\/strong>.<\/p>\n<p data-start=\"3204\" data-end=\"3566\">A iniciativa reflete o comprometimento da\u00a0<strong data-start=\"3246\" data-end=\"3267\">Marinha do Brasil<\/strong>\u00a0com a\u00a0<strong data-start=\"3274\" data-end=\"3294\">inova\u00e7\u00e3o digital<\/strong>\u00a0e com o desenvolvimento de solu\u00e7\u00f5es tecnol\u00f3gicas voltadas \u00e0\u00a0<strong data-start=\"3355\" data-end=\"3377\">defesa cibern\u00e9tica<\/strong>. Ao investir em pessoal qualificado e infraestrutura de ponta, o\u00a0<strong data-start=\"3443\" data-end=\"3467\">Com6\u00ba Distrito Naval<\/strong>\u00a0se consolida como um polo de excel\u00eancia na \u00e1rea de\u00a0<strong data-start=\"3519\" data-end=\"3565\">Tecnologia da Informa\u00e7\u00e3o aplicada \u00e0 Defesa<\/strong>.<\/p>\n<p data-start=\"3204\" data-end=\"3566\">Fonte: Defesa em Foco<\/p>\n","protected":false},"excerpt":{"rendered":"<p>Em um cen\u00e1rio global de crescentes amea\u00e7as digitais, a\u00a0Marinha do Brasil\u00a0refor\u00e7a sua prontid\u00e3o tecnol\u00f3gica. O\u00a0Centro Local de Tecnologia da Informa\u00e7\u00e3o (CLTI)\u00a0do\u00a0Comando do 6\u00ba Distrito Naval&#8230;<\/p>\n","protected":false},"author":1527,"featured_media":62906,"comment_status":"closed","ping_status":"closed","sticky":false,"template":"","format":"standard","meta":{"footnotes":""},"categories":[6],"tags":[],"class_list":["post-62905","post","type-post","status-publish","format-standard","has-post-thumbnail","hentry","category-noticias"],"_links":{"self":[{"href":"https:\/\/www.sincomam.org.br\/index.php\/wp-json\/wp\/v2\/posts\/62905","targetHints":{"allow":["GET"]}}],"collection":[{"href":"https:\/\/www.sincomam.org.br\/index.php\/wp-json\/wp\/v2\/posts"}],"about":[{"href":"https:\/\/www.sincomam.org.br\/index.php\/wp-json\/wp\/v2\/types\/post"}],"author":[{"embeddable":true,"href":"https:\/\/www.sincomam.org.br\/index.php\/wp-json\/wp\/v2\/users\/1527"}],"replies":[{"embeddable":true,"href":"https:\/\/www.sincomam.org.br\/index.php\/wp-json\/wp\/v2\/comments?post=62905"}],"version-history":[{"count":1,"href":"https:\/\/www.sincomam.org.br\/index.php\/wp-json\/wp\/v2\/posts\/62905\/revisions"}],"predecessor-version":[{"id":62907,"href":"https:\/\/www.sincomam.org.br\/index.php\/wp-json\/wp\/v2\/posts\/62905\/revisions\/62907"}],"wp:featuredmedia":[{"embeddable":true,"href":"https:\/\/www.sincomam.org.br\/index.php\/wp-json\/wp\/v2\/media\/62906"}],"wp:attachment":[{"href":"https:\/\/www.sincomam.org.br\/index.php\/wp-json\/wp\/v2\/media?parent=62905"}],"wp:term":[{"taxonomy":"category","embeddable":true,"href":"https:\/\/www.sincomam.org.br\/index.php\/wp-json\/wp\/v2\/categories?post=62905"},{"taxonomy":"post_tag","embeddable":true,"href":"https:\/\/www.sincomam.org.br\/index.php\/wp-json\/wp\/v2\/tags?post=62905"}],"curies":[{"name":"wp","href":"https:\/\/api.w.org\/{rel}","templated":true}]}}