{"id":62878,"date":"2025-12-09T10:27:09","date_gmt":"2025-12-09T13:27:09","guid":{"rendered":"https:\/\/www.sincomam.org.br\/?p=62878"},"modified":"2025-12-09T10:27:09","modified_gmt":"2025-12-09T13:27:09","slug":"campanha-do-dia-do-marinheiro-foca-no-valor-dos-militares-e-de-seu-trabalho-para-a-sociedade","status":"publish","type":"post","link":"https:\/\/www.sincomam.org.br\/index.php\/campanha-do-dia-do-marinheiro-foca-no-valor-dos-militares-e-de-seu-trabalho-para-a-sociedade\/","title":{"rendered":"Campanha do Dia do Marinheiro foca no valor dos militares e de seu trabalho para a sociedade"},"content":{"rendered":"<p class=\"text-align-justify\">A nova campanha publicit\u00e1ria do Dia do Marinheiro, comemorado no dia 13 de dezembro, tem o prop\u00f3sito de homenagear os militares da Marinha do Brasil (MB), convidando os brasileiros a perceber o valor de uma vida dedicada \u00e0 P\u00e1tria. Tamb\u00e9m apresenta as atividades realizadas por esses combatentes em nome da Marinha do Brasil \u2014 no mar, nos rios e em terra \u2014, ampliando a compreens\u00e3o coletiva sobre como cada uma dessas a\u00e7\u00f5es entrega valor real \u00e0 sociedade.<\/p>\n<p class=\"text-align-justify\">Em torno do conceito \u201cSer Marinheiro tem valor\u201d, as pe\u00e7as buscam enaltecer as virtudes que comp\u00f5em o perfil marinheiro, como honra, lealdade, esp\u00edrito de sacrif\u00edcio, coragem, abnega\u00e7\u00e3o, disciplina e patriotismo. Al\u00e9m disso, a campanha contribui para expandir a percep\u00e7\u00e3o p\u00fablica sobre os resultados do trabalho dos Marinheiros para o Pa\u00eds: da defesa naval \u00e0s miss\u00f5es humanit\u00e1rias; do apoio \u00e0s pesquisas cient\u00edficas \u00e0 independ\u00eancia tecnol\u00f3gica.<\/p>\n<p class=\"text-align-justify\">O lan\u00e7amento do v\u00eddeo institucional aconteceu neste s\u00e1bado (6), durante a Cerim\u00f4nia de Formatura do Curso de Forma\u00e7\u00e3o de Oficiais no Centro de Instru\u00e7\u00e3o Almirante Wandenkolk (CIAW), no Rio de Janeiro (RJ). Ao longo do m\u00eas de dezembro, as pe\u00e7as gr\u00e1ficas podem ser conferidas nas m\u00eddias on e off-line, como paineis de led, <em>busdoors <\/em>e <em>outdoors<\/em>, em locais de grande circula\u00e7\u00e3o de pessoas, em todo o Brasil. A R\u00e1dio Marinha tamb\u00e9m tem programa\u00e7\u00e3o especial, com <em>spots <\/em>e um <em>podcast <\/em>sobre os 100 anos do Dia do Marinheiro.<\/p>\n<figure class=\"bg-light p-3 p-md-5 my-3 rounded\">\n<blockquote class=\"blockquote\"><p>Criamos essa campanha para revelar \u00e0 sociedade a verdadeira dimens\u00e3o do trabalho do Marinheiro, um profissional cuja dedica\u00e7\u00e3o vai muito al\u00e9m do que se v\u00ea na superf\u00edcie. Nosso objetivo \u00e9 valorizar sua compet\u00eancia t\u00e9cnica, sua coragem silenciosa e o impacto essencial que exerce na seguran\u00e7a e no progresso do Pa\u00eds. A inten\u00e7\u00e3o \u00e9 provocar uma nova percep\u00e7\u00e3o p\u00fablica, mais fiel e justa sobre essa carreira\u201d, explica o Diretor do Centro de Comunica\u00e7\u00e3o Estrat\u00e9gica da Marinha, Contra-Almirante Alexandre Taumaturgo Pavoni.<\/p><\/blockquote>\n<\/figure>\n<h5 class=\"text-align-justify\">No Distrito Federal e no Rio de Janeiro<\/h5>\n<p class=\"text-align-justify\">No Distrito Federal, pain\u00e9is de LED distribu\u00eddos pelos principais shoppings da capital j\u00e1 exibem as pe\u00e7as da campanha, veiculadas ainda em <em>busdoors<\/em>, no Aeroporto Internacional de Bras\u00edlia e empenas de edif\u00edcios comerciais. Destaque para os pain\u00e9is de LED do Centro Comercial Boulevard, pr\u00f3ximo ao Shopping Conjunto Nacional, que pela primeira vez exibem as artes em sincronia, formando um grande painel de mais de 2.100 m2, impactando mais de 1 milh\u00e3o de pessoas por dia. Na capital fluminense, um avi\u00e3o com faixa publicit\u00e1ria circular\u00e1 pelas praias da Zona Sul.<\/p>\n<h5 class=\"text-align-justify\">Dia do Marinheiro, homenagem a Tamandar\u00e9<\/h5>\n<p class=\"text-align-justify\">A vida de Joaquim Marques Lisboa, o Marqu\u00eas de Tamandar\u00e9, \u2014 dedicada inteiramente \u00e0 defesa da P\u00e1tria\u2014, foi ela mesma um exemplo de valor, algo que a campanha quer refor\u00e7ar. Com apenas 15 anos, fez parte, como volunt\u00e1rio, da primeira Esquadra brasileira, durante a Guerra da Independ\u00eancia, em 1823. Tamandar\u00e9 tripulava a Fragata \u201cNiter\u00f3i\u201d quando esta empreendeu uma persegui\u00e7\u00e3o a navios portugueses em fuga para sua terra natal. Ele, portanto, estava l\u00e1 quando o Pavilh\u00e3o Nacional foi erguido pela primeira vez em \u00e1guas internacionais.<\/p>\n<p class=\"text-align-justify\">Toda sua carreira, de Marinheiro a Almirante, foi marcada por conquistas hist\u00f3ricas para o Pa\u00eds. Em 1864, Tamandar\u00e9 assumiu o Comando-em-Chefe das For\u00e7as em Opera\u00e7\u00e3o no Rio da Prata, quando o Imp\u00e9rio brasileiro decidiu intervir na guerra civil em curso no Uruguai, em defesa dos interesses dos brasileiros residentes naquele pa\u00eds. Ainda estava no cargo quando rompeu a Guerra da Tr\u00edplice Alian\u00e7a, contribuindo para impedir a movimenta\u00e7\u00e3o paraguaia pelos rios e conter sua invas\u00e3o ao territ\u00f3rio brasileiro.<\/p>\n<p>Fonte: Ag\u00eancia Marinha de Not\u00edcias<\/p>\n","protected":false},"excerpt":{"rendered":"<p>A nova campanha publicit\u00e1ria do Dia do Marinheiro, comemorado no dia 13 de dezembro, tem o prop\u00f3sito de homenagear os militares da Marinha do Brasil&#8230;<\/p>\n","protected":false},"author":1527,"featured_media":62879,"comment_status":"closed","ping_status":"closed","sticky":false,"template":"","format":"standard","meta":{"footnotes":""},"categories":[6],"tags":[],"class_list":["post-62878","post","type-post","status-publish","format-standard","has-post-thumbnail","hentry","category-noticias"],"_links":{"self":[{"href":"https:\/\/www.sincomam.org.br\/index.php\/wp-json\/wp\/v2\/posts\/62878","targetHints":{"allow":["GET"]}}],"collection":[{"href":"https:\/\/www.sincomam.org.br\/index.php\/wp-json\/wp\/v2\/posts"}],"about":[{"href":"https:\/\/www.sincomam.org.br\/index.php\/wp-json\/wp\/v2\/types\/post"}],"author":[{"embeddable":true,"href":"https:\/\/www.sincomam.org.br\/index.php\/wp-json\/wp\/v2\/users\/1527"}],"replies":[{"embeddable":true,"href":"https:\/\/www.sincomam.org.br\/index.php\/wp-json\/wp\/v2\/comments?post=62878"}],"version-history":[{"count":1,"href":"https:\/\/www.sincomam.org.br\/index.php\/wp-json\/wp\/v2\/posts\/62878\/revisions"}],"predecessor-version":[{"id":62880,"href":"https:\/\/www.sincomam.org.br\/index.php\/wp-json\/wp\/v2\/posts\/62878\/revisions\/62880"}],"wp:featuredmedia":[{"embeddable":true,"href":"https:\/\/www.sincomam.org.br\/index.php\/wp-json\/wp\/v2\/media\/62879"}],"wp:attachment":[{"href":"https:\/\/www.sincomam.org.br\/index.php\/wp-json\/wp\/v2\/media?parent=62878"}],"wp:term":[{"taxonomy":"category","embeddable":true,"href":"https:\/\/www.sincomam.org.br\/index.php\/wp-json\/wp\/v2\/categories?post=62878"},{"taxonomy":"post_tag","embeddable":true,"href":"https:\/\/www.sincomam.org.br\/index.php\/wp-json\/wp\/v2\/tags?post=62878"}],"curies":[{"name":"wp","href":"https:\/\/api.w.org\/{rel}","templated":true}]}}