{"id":6284,"date":"2014-06-25T08:00:44","date_gmt":"2014-06-25T11:00:44","guid":{"rendered":"http:\/\/www.sincomam.org.br\/?p=6284"},"modified":"2014-06-24T20:40:52","modified_gmt":"2014-06-24T23:40:52","slug":"rio-decreta-feriado-nesta-quarta-para-o-jogo-por-questoes-de-seguranca","status":"publish","type":"post","link":"https:\/\/www.sincomam.org.br\/index.php\/rio-decreta-feriado-nesta-quarta-para-o-jogo-por-questoes-de-seguranca\/","title":{"rendered":"Rio decreta feriado nesta quarta para o jogo por quest\u00f5es de seguran\u00e7a"},"content":{"rendered":"<p><strong><em>Plano operacional do Maracan\u00e3 ser\u00e1 mantido no jogo desta quarta (25)<\/em><\/strong><\/p>\n<p>A Cet-Rio e a Rio Eventos divulgaram, nesta ter\u00e7a-feira (24), o plano operacional do \u00faltimo jogo da primeira fase da Copa do Mundo a ser realizado no Maracan\u00e3. O feriado parcial transformado em integral, por meio de um decreto assinado pelo prefeito Eduardo Paes na segunda-feira (23), se deu ap\u00f3s pedido das For\u00e7as de Seguran\u00e7a, segundo o texto.<\/p>\n<p>&#8220;H\u00e1 essa necessidade para que as For\u00e7as de Seguran\u00e7a realizem o trabalho. Por isso, as ruas que eram fechadas seis horas antes dos jogos ser\u00e3o fechadas sete horas antes, e as que fechavam quatro horas antes fechar\u00e3o seis horas antes. Com isso, as ruas j\u00e1 seriam fechadas \u00e0s 10h da manh\u00e3 e, por isso, a prefeitura optou por estender o feriado&#8221;, explicou o diretor de opera\u00e7\u00f5es Joaquim Dinis.<\/p>\n<p>O an\u00fancio foi feito na manh\u00e3 desta ter\u00e7a no Centro Aberto de M\u00eddia, no Forte de Copacabana, Zona Sul da cidade. De acordo com Dinis, a necessidade de antecipar as interdi\u00e7\u00f5es de vias pr\u00f3ximas ao est\u00e1dio influenciou na extens\u00e3o do recesso, j\u00e1 que o fechamento de ruas como a Radial Oeste e a Avenida Maracan\u00e3 podem causar transtornos de mobilidade.<\/p>\n<p>Ao todo, o munic\u00edpio vai empregar 1.655 guardas e 124 ve\u00edculos em 151 pontos de patrulhamento ostensivos.<\/p>\n<p><strong>Resultados positivos<\/strong><\/p>\n<p>De acordo com o presidente da Rio Eventos, Leonardo Maciel, a opera\u00e7\u00e3o tem sido bem-sucedida. &#8220;Nosso plano foi estudado, tem funcionado bem. O resultado nos tr\u00eas primeiros jogos foram muito positivos&#8221;, comemorou.<\/p>\n<p>De acordo com previs\u00e3o da Prefeitura, s\u00e3o esperados quase 60% de estrangeiros na partida entre B\u00e9lgica e R\u00fassia. Dinis informou ainda que, de acordo com os resultados das partidas da fase de grupos, o Rio pode ter grande concentra\u00e7\u00e3o de estrangeiros sul-americanos, caso Col\u00f4mbia e Uruguai se enfrentem nas oitavas-de-final. Para isso, seria necess\u00e1rio um plano operacional especial.<\/p>\n<p>Fonte: G1 \u2013 Rio de Janeiro<\/p>\n","protected":false},"excerpt":{"rendered":"<p>Plano operacional do Maracan\u00e3 ser\u00e1 mantido no jogo desta quarta (25) A Cet-Rio e a Rio Eventos divulgaram, nesta ter\u00e7a-feira (24), o plano operacional do&#8230;<\/p>\n","protected":false},"author":1182,"featured_media":4526,"comment_status":"closed","ping_status":"closed","sticky":false,"template":"","format":"standard","meta":{"footnotes":""},"categories":[6],"tags":[],"class_list":["post-6284","post","type-post","status-publish","format-standard","has-post-thumbnail","hentry","category-noticias"],"_links":{"self":[{"href":"https:\/\/www.sincomam.org.br\/index.php\/wp-json\/wp\/v2\/posts\/6284","targetHints":{"allow":["GET"]}}],"collection":[{"href":"https:\/\/www.sincomam.org.br\/index.php\/wp-json\/wp\/v2\/posts"}],"about":[{"href":"https:\/\/www.sincomam.org.br\/index.php\/wp-json\/wp\/v2\/types\/post"}],"author":[{"embeddable":true,"href":"https:\/\/www.sincomam.org.br\/index.php\/wp-json\/wp\/v2\/users\/1182"}],"replies":[{"embeddable":true,"href":"https:\/\/www.sincomam.org.br\/index.php\/wp-json\/wp\/v2\/comments?post=6284"}],"version-history":[{"count":1,"href":"https:\/\/www.sincomam.org.br\/index.php\/wp-json\/wp\/v2\/posts\/6284\/revisions"}],"predecessor-version":[{"id":6285,"href":"https:\/\/www.sincomam.org.br\/index.php\/wp-json\/wp\/v2\/posts\/6284\/revisions\/6285"}],"wp:featuredmedia":[{"embeddable":true,"href":"https:\/\/www.sincomam.org.br\/index.php\/wp-json\/wp\/v2\/media\/4526"}],"wp:attachment":[{"href":"https:\/\/www.sincomam.org.br\/index.php\/wp-json\/wp\/v2\/media?parent=6284"}],"wp:term":[{"taxonomy":"category","embeddable":true,"href":"https:\/\/www.sincomam.org.br\/index.php\/wp-json\/wp\/v2\/categories?post=6284"},{"taxonomy":"post_tag","embeddable":true,"href":"https:\/\/www.sincomam.org.br\/index.php\/wp-json\/wp\/v2\/tags?post=6284"}],"curies":[{"name":"wp","href":"https:\/\/api.w.org\/{rel}","templated":true}]}}