{"id":62809,"date":"2025-12-08T10:49:42","date_gmt":"2025-12-08T13:49:42","guid":{"rendered":"https:\/\/www.sincomam.org.br\/?p=62809"},"modified":"2025-12-08T10:49:42","modified_gmt":"2025-12-08T13:49:42","slug":"tag-abre-processo-de-contratacao-do-transporte-de-gas-para-2026","status":"publish","type":"post","link":"https:\/\/www.sincomam.org.br\/index.php\/tag-abre-processo-de-contratacao-do-transporte-de-gas-para-2026\/","title":{"rendered":"TAG abre processo de contrata\u00e7\u00e3o do transporte de g\u00e1s para 2026"},"content":{"rendered":"<p><span dir=\"auto\">A TAG iniciou, na segunda-feira (1\u00ba), o processo de contrata\u00e7\u00e3o do transporte de g\u00e1s para 2026, especificamente a oferta do servi\u00e7o extraordin\u00e1rio para o ano que vem, no Portal de Oferta de Capacidade (POC). Para o produto anual extraordin\u00e1rio, que vai do dia 1\u00ba de janeiro at\u00e9 31 de dezembro de 2026, o per\u00edodo para celebrar o Contrato Master de Transporte e para Solicita\u00e7\u00e3o de Capacidade de Transporte vai at\u00e9 sexta-feira (5), conforme o cronograma abaixo:<\/span><\/p>\n<figure class=\"wp-block-image\"><img decoding=\"async\" src=\"https:\/\/i0.wp.com\/static.brasilenergia.com.br\/upload\/2025\/12\/550d920c04bf4705ba3884db4d0d4d70-800x0.jpg?ssl=1\" alt=\"\" data-recalc-dims=\"1\" \/><\/figure>\n<p><small><span dir=\"auto\">Imagem: Divulga\u00e7\u00e3o TAG<\/span><\/small><\/p>\n<p><span dir=\"auto\">J\u00e1 a capacidade n\u00e3o contratada na oferta do servi\u00e7o anual extraordin\u00e1rio ser\u00e1 oferecida na forma de produtos de curto prazo extraordin\u00e1rios. Os cronogramas completos das ofertas de curto prazo trimestral e mensal, respectivamente, s\u00e3o disponibilizados a seguir:<\/span><\/p>\n<figure class=\"wp-block-image\"><img decoding=\"async\" src=\"https:\/\/i0.wp.com\/static.brasilenergia.com.br\/upload\/2025\/12\/20d907cd81ee4530ab9ecf61e117a6d0-800x0.jpg?ssl=1\" alt=\"\" data-recalc-dims=\"1\" \/><\/figure>\n<figure class=\"wp-block-image\"><img decoding=\"async\" src=\"https:\/\/i0.wp.com\/static.brasilenergia.com.br\/upload\/2025\/12\/65753ae531944e848cf60e8a50091c42-800x0.jpg?ssl=1\" alt=\"\" data-recalc-dims=\"1\" \/><\/figure>\n<p><small><span dir=\"auto\">Imagens: Divulga\u00e7\u00e3o TAG<\/span><\/small><\/p>\n<p><span dir=\"auto\">Para contratar capacidade de transporte, os complementos dever\u00e3o: estar cadastrados e habilitados por meio do POC; solicitar e repassar o Contrato Master (ou aditivo, conforme o caso) para o per\u00edodo 2026-2030; solicitar capacidade, apresentar as garantias financeiras e aprovar o contrato de transporte.\u00a0<\/span><\/p>\n<p><span dir=\"auto\">Exclusivamente para os contratos de curto prazo trimestral, mensal e di\u00e1rio, os carregadores poder\u00e3o utilizar o limite de cr\u00e9dito concedido pela TAG como forma de garantia financeira para celebrar os contratos de transporte de forma parcial ou total conforme aplic\u00e1vel. Para concess\u00e3o do limite de cr\u00e9dito, os carregadores dever\u00e3o acessar o POC e submeter a documenta\u00e7\u00e3o necess\u00e1ria para an\u00e1lise da TAG.\u00a0<\/span><\/p>\n<p><span dir=\"auto\">\u201cAs Minutas do Contrato e suas tarifas j\u00e1 se encontram dispon\u00edveis no nosso site e no POC, e a capacidade dispon\u00edvel de cada Ponto de Entrada ou Zona de Sa\u00edda pode ser consultada diretamente no POC\u201d, informou a TAG em seu site.\u00a0<\/span><\/p>\n<p><span dir=\"auto\">Por fim, a transportadora comunicou que ser\u00e3o fornecidos contratos de transporte na modalidade de servi\u00e7o extraordin\u00e1rio, com presta\u00e7\u00e3o em base firme, com condi\u00e7\u00e3o resolutiva apenas ap\u00f3s a realiza\u00e7\u00e3o de novo Processo de Oferta de Capacidade na modalidade de servi\u00e7o firme, a ser definido pela ANP,\u00a0\u00a0<\/span><span dir=\"auto\">ap\u00f3s a conclus\u00e3o do processo de revis\u00e3o tarif\u00e1ria em curso<\/span><span dir=\"auto\">\u00a0.<\/span><\/p>\n<p><span dir=\"auto\">Fonte:\u00a0<\/span><span dir=\"auto\">Revista Brasil Energia<\/span><\/p>\n","protected":false},"excerpt":{"rendered":"<p>A TAG iniciou, na segunda-feira (1\u00ba), o processo de contrata\u00e7\u00e3o do transporte de g\u00e1s para 2026, especificamente a oferta do servi\u00e7o extraordin\u00e1rio para o ano&#8230;<\/p>\n","protected":false},"author":1527,"featured_media":62810,"comment_status":"closed","ping_status":"closed","sticky":false,"template":"","format":"standard","meta":{"footnotes":""},"categories":[6],"tags":[],"class_list":["post-62809","post","type-post","status-publish","format-standard","has-post-thumbnail","hentry","category-noticias"],"_links":{"self":[{"href":"https:\/\/www.sincomam.org.br\/index.php\/wp-json\/wp\/v2\/posts\/62809","targetHints":{"allow":["GET"]}}],"collection":[{"href":"https:\/\/www.sincomam.org.br\/index.php\/wp-json\/wp\/v2\/posts"}],"about":[{"href":"https:\/\/www.sincomam.org.br\/index.php\/wp-json\/wp\/v2\/types\/post"}],"author":[{"embeddable":true,"href":"https:\/\/www.sincomam.org.br\/index.php\/wp-json\/wp\/v2\/users\/1527"}],"replies":[{"embeddable":true,"href":"https:\/\/www.sincomam.org.br\/index.php\/wp-json\/wp\/v2\/comments?post=62809"}],"version-history":[{"count":1,"href":"https:\/\/www.sincomam.org.br\/index.php\/wp-json\/wp\/v2\/posts\/62809\/revisions"}],"predecessor-version":[{"id":62811,"href":"https:\/\/www.sincomam.org.br\/index.php\/wp-json\/wp\/v2\/posts\/62809\/revisions\/62811"}],"wp:featuredmedia":[{"embeddable":true,"href":"https:\/\/www.sincomam.org.br\/index.php\/wp-json\/wp\/v2\/media\/62810"}],"wp:attachment":[{"href":"https:\/\/www.sincomam.org.br\/index.php\/wp-json\/wp\/v2\/media?parent=62809"}],"wp:term":[{"taxonomy":"category","embeddable":true,"href":"https:\/\/www.sincomam.org.br\/index.php\/wp-json\/wp\/v2\/categories?post=62809"},{"taxonomy":"post_tag","embeddable":true,"href":"https:\/\/www.sincomam.org.br\/index.php\/wp-json\/wp\/v2\/tags?post=62809"}],"curies":[{"name":"wp","href":"https:\/\/api.w.org\/{rel}","templated":true}]}}