{"id":62806,"date":"2025-12-08T10:47:29","date_gmt":"2025-12-08T13:47:29","guid":{"rendered":"https:\/\/www.sincomam.org.br\/?p=62806"},"modified":"2025-12-08T10:48:36","modified_gmt":"2025-12-08T13:48:36","slug":"setor-de-navegacao-ganha-diagnostico-detalhado-sobre-seguros-em-terminais-portuarios-autorizados","status":"publish","type":"post","link":"https:\/\/www.sincomam.org.br\/index.php\/setor-de-navegacao-ganha-diagnostico-detalhado-sobre-seguros-em-terminais-portuarios-autorizados\/","title":{"rendered":"Setor de navega\u00e7\u00e3o ganha diagn\u00f3stico detalhado sobre seguros em Terminais Portu\u00e1rios Autorizados"},"content":{"rendered":"<h3><\/h3>\n<div class=\"content\">\n<p><span dir=\"auto\">O primeiro diagn\u00f3stico nacional dedicado aos seguros em Terminais Portu\u00e1rios Autorizados foi lan\u00e7ado nesta ter\u00e7a-feira (2) pelo Minist\u00e9rio de Portos e Aeroportos (MPor). A publica\u00e7\u00e3o organiza, pela primeira vez, um conjunto abrangente de dados estrat\u00e9gicos, an\u00e1lises e percep\u00e7\u00f5es do setor, oferecendo um panorama t\u00e9cnico que at\u00e9 ent\u00e3o n\u00e3o existia para os Terminais de Uso Privado (TUP). O levantamento in\u00e9dito foi desenvolvido em parceria com a Associa\u00e7\u00e3o de Terminais Portu\u00e1rios Privados (ATP).<\/span><\/p>\n<p><span dir=\"auto\">O estudo marca um avan\u00e7o importante na agenda de previsibilidade e gest\u00e3o de riscos do setor portu\u00e1rio brasileiro. Com o novo diagn\u00f3stico, o pa\u00eds passa a contar com um material estruturado que identifica desafios, pr\u00e1ticas e lacunas relacionadas aos seguros obrigat\u00f3rios, abrangendo aspectos regulat\u00f3rios, operacionais e clim\u00e1ticos.<\/span><\/p>\n<p><span dir=\"auto\">&#8220;O fortalecimento da seguran\u00e7a regulat\u00f3ria \u00e9 um compromisso central do MPor. Ao reunir informa\u00e7\u00f5es estrat\u00e9gicas, este diagn\u00f3stico oferece mais previsibilidade ao setor e contribui para um ambiente de neg\u00f3cios mais s\u00f3lido e eficiente&#8221;, afirmou o ministro Silvio Costa Filho.<\/span><\/p>\n<p><span dir=\"auto\">Para o secret\u00e1rio-executivo Tom\u00e9 Franca, o estudo oferece uma base s\u00f3lida de informa\u00e7\u00f5es para apoiar decis\u00f5es estrat\u00e9gicas, aprimorar o di\u00e1logo com o setor e a constru\u00e7\u00e3o de solu\u00e7\u00f5es que tragam mais previsibilidade e seguran\u00e7a \u00e0s opera\u00e7\u00f5es portu\u00e1rias. &#8220;Contarmos com um diagn\u00f3stico do setor para os terminais portu\u00e1rios \u00e9 necess\u00e1rio para que tenhamos rela\u00e7\u00f5es mais seguras e justas entre quem contrata e quem \u00e9 contratado. Diante das mudan\u00e7as clim\u00e1ticas, se faz cada vez mais necessidade a elabora\u00e7\u00e3o de regras modernas e que confiram maior equil\u00edbrio aos seguros&#8221;, afirmou o secret\u00e1rio executivo.<\/span><\/p>\n<p><span dir=\"auto\">A diretora de Assuntos Econ\u00f4micos do MPor, Helena Venceslau, destacou que \u201co diagn\u00f3stico consolida dados essenciais para o entendimento das necessidades dos terminais e contribui para a formula\u00e7\u00e3o de pol\u00edticas p\u00fablicas baseadas em evid\u00eancias, especialmente em temas sens\u00edveis como seguros obrigat\u00f3rios e riscos associados\u201d.<\/span><\/p>\n<p><span dir=\"auto\">O levantamento tamb\u00e9m identifica pontos de aten\u00e7\u00e3o relacionados aos riscos clim\u00e1ticos, que s\u00e3o intensificados em frequ\u00eancia e impacto, e aponta oportunidades para aprimorar mecanismos de prote\u00e7\u00e3o, governan\u00e7a e efici\u00eancia regulat\u00f3ria. Ao estruturar informa\u00e7\u00f5es at\u00e9 ent\u00e3o dispersas, o estudo contribui para o planejamento do setor e fortalece a capacidade de atua\u00e7\u00e3o conjunta entre governo, mercado segurador e operadores portu\u00e1rios.<\/span><\/p>\n<p><span dir=\"auto\">A iniciativa contribui para o avan\u00e7o de um ambiente portu\u00e1rio mais moderno e seguro, alinhado \u00e0s melhores pr\u00e1ticas internacionais, ao ampliar a transpar\u00eancia do setor e disponibilizar subs\u00eddios t\u00e9cnicos que poder\u00e3o embasar futuras evolu\u00e7\u00f5es regulat\u00f3rias.<\/span><\/p>\n<p><span dir=\"auto\">Fonte:\u00a0<\/span><span dir=\"auto\">Ag\u00eancia Porto<\/span><\/p>\n<\/div>\n","protected":false},"excerpt":{"rendered":"<p>O primeiro diagn\u00f3stico nacional dedicado aos seguros em Terminais Portu\u00e1rios Autorizados foi lan\u00e7ado nesta ter\u00e7a-feira (2) pelo Minist\u00e9rio de Portos e Aeroportos (MPor). A publica\u00e7\u00e3o&#8230;<\/p>\n","protected":false},"author":1527,"featured_media":62807,"comment_status":"closed","ping_status":"closed","sticky":false,"template":"","format":"standard","meta":{"footnotes":""},"categories":[6],"tags":[],"class_list":["post-62806","post","type-post","status-publish","format-standard","has-post-thumbnail","hentry","category-noticias"],"_links":{"self":[{"href":"https:\/\/www.sincomam.org.br\/index.php\/wp-json\/wp\/v2\/posts\/62806","targetHints":{"allow":["GET"]}}],"collection":[{"href":"https:\/\/www.sincomam.org.br\/index.php\/wp-json\/wp\/v2\/posts"}],"about":[{"href":"https:\/\/www.sincomam.org.br\/index.php\/wp-json\/wp\/v2\/types\/post"}],"author":[{"embeddable":true,"href":"https:\/\/www.sincomam.org.br\/index.php\/wp-json\/wp\/v2\/users\/1527"}],"replies":[{"embeddable":true,"href":"https:\/\/www.sincomam.org.br\/index.php\/wp-json\/wp\/v2\/comments?post=62806"}],"version-history":[{"count":1,"href":"https:\/\/www.sincomam.org.br\/index.php\/wp-json\/wp\/v2\/posts\/62806\/revisions"}],"predecessor-version":[{"id":62808,"href":"https:\/\/www.sincomam.org.br\/index.php\/wp-json\/wp\/v2\/posts\/62806\/revisions\/62808"}],"wp:featuredmedia":[{"embeddable":true,"href":"https:\/\/www.sincomam.org.br\/index.php\/wp-json\/wp\/v2\/media\/62807"}],"wp:attachment":[{"href":"https:\/\/www.sincomam.org.br\/index.php\/wp-json\/wp\/v2\/media?parent=62806"}],"wp:term":[{"taxonomy":"category","embeddable":true,"href":"https:\/\/www.sincomam.org.br\/index.php\/wp-json\/wp\/v2\/categories?post=62806"},{"taxonomy":"post_tag","embeddable":true,"href":"https:\/\/www.sincomam.org.br\/index.php\/wp-json\/wp\/v2\/tags?post=62806"}],"curies":[{"name":"wp","href":"https:\/\/api.w.org\/{rel}","templated":true}]}}