{"id":62803,"date":"2025-12-08T10:44:40","date_gmt":"2025-12-08T13:44:40","guid":{"rendered":"https:\/\/www.sincomam.org.br\/?p=62803"},"modified":"2025-12-08T10:44:40","modified_gmt":"2025-12-08T13:44:40","slug":"porto-de-itajai-acelera-preparacao-para-receber-navios-de-grande-porte-e-avanco-na-criacao-das-docas-de-santa-catarina","status":"publish","type":"post","link":"https:\/\/www.sincomam.org.br\/index.php\/porto-de-itajai-acelera-preparacao-para-receber-navios-de-grande-porte-e-avanco-na-criacao-das-docas-de-santa-catarina\/","title":{"rendered":"Porto de Itaja\u00ed acelera prepara\u00e7\u00e3o para receber navios de grande porte e avan\u00e7o na cria\u00e7\u00e3o das Docas de Santa Catarina"},"content":{"rendered":"<h3><\/h3>\n<div class=\"content\">\n<p><span dir=\"auto\">O Porto de Itaja\u00ed segue avan\u00e7ando em duas agendas estrat\u00e9gicas que v\u00e3o transformar sua capacidade operacional e fortalecer o papel de Santa Catarina no com\u00e9rcio exterior brasileiro: a prepara\u00e7\u00e3o para receber navios de grande porte e o avan\u00e7o institucional na cria\u00e7\u00e3o das Docas de Santa Catarina, nova autoridade portu\u00e1ria federal.<\/span><\/p>\n<p><span dir=\"auto\">Nesta ter\u00e7a-feira, em reuni\u00e3o realizada hoje em Bras\u00edlia, o superintendente do Porto de Itaja\u00ed, Jo\u00e3o Paulo Tavares Bastos, esteve com o Diretor-Presidente da Companhia das Docas do Estado da Bahia (CODEBA), Antonio Gobbo, refor\u00e7ando a coopera\u00e7\u00e3o t\u00e9cnica entre as autoridades portu\u00e1rias e o alinhamento com o Governo Federal.<\/span><\/p>\n<p><strong><span dir=\"auto\">Prepara\u00e7\u00e3o para navios maiores<\/span><\/strong><\/p>\n<p><span dir=\"auto\">A CODEBA administra portos como Salvador, Aratu-Candeias e Ilh\u00e9us \u2014 todos aptos a receber navios de grande porte. O di\u00e1logo com a autoridade portu\u00e1ria baiana fortalece o processo de adapta\u00e7\u00e3o do Porto de Itaja\u00ed para ampliar o calado, modernizar a infraestrutura e garantir mais capacidade de atra\u00e7\u00e3o.<\/span><\/p>\n<p><span dir=\"auto\">A chegada de embarca\u00e7\u00f5es maiores representa o aumento da oferta de servi\u00e7os, da entrega de cargas e da competitividade regional. Mais cargas significam mais renda, mais trabalho e mais oportunidades para os trabalhadores portu\u00e1rios e para toda a cadeia log\u00edstica de Itaja\u00ed e Santa Catarina.<\/span><\/p>\n<p><strong><span dir=\"auto\">Avan\u00e7os nas Docas de Santa Catarina<\/span><\/strong><\/p>\n<p><span dir=\"auto\">A cria\u00e7\u00e3o das Docas de Santa Catarina avan\u00e7a de forma progressiva do Governo Federal, seguindo o modelo de governan\u00e7a de portos p\u00fablicos administrados pela CODEBA. A nova empresa ser\u00e1 respons\u00e1vel por organizar, modernizar e fortalecer os portos catarinenses, garantindo estabilidade, planejamento e capacidade de investimento.<\/span><\/p>\n<p><span dir=\"auto\">A Docas de Santa Catarina \u00e9 uma diretriz do presidente Luiz In\u00e1cio Lula da Silva e representa um marco de governan\u00e7a para o setor portu\u00e1rio, alinhado \u00e0s necessidades da economia catarinense.<\/span><\/p>\n<p><strong><span dir=\"auto\">Compromisso com o futuro do Porto de Itaja\u00ed<\/span><\/strong><\/p>\n<p><span dir=\"auto\">O superintendente Jo\u00e3o Paulo refor\u00e7a a import\u00e2ncia da integra\u00e7\u00e3o com o Governo Federal e com o CODEBA nesse processo:<\/span><\/p>\n<p><span dir=\"auto\">&#8220;O alinhamento com o Governo Federal e a expertise t\u00e9cnica da CODEBA fortalecem a prepara\u00e7\u00e3o do Porto de Itaja\u00ed para receber navios maiores e consolidar a cria\u00e7\u00e3o das Docas de Santa Catarina. Estamos construindo um novo ciclo de desenvolvimento para o Porto e para a economia catarinense.&#8221;<\/span><\/p>\n<p><span dir=\"auto\">Com essas a\u00e7\u00f5es, Itaja\u00ed avan\u00e7a para se consolidar como um dos portos p\u00fablicos mais modernos do pa\u00eds, ampliando sua competitividade e garantindo mais emprego, renda e progresso para Santa Catarina.<\/span><\/p>\n<p><span dir=\"auto\">Fonte:\u00a0<\/span><span dir=\"auto\">Ag\u00eancia Porto<\/span><\/p>\n<\/div>\n","protected":false},"excerpt":{"rendered":"<p>O Porto de Itaja\u00ed segue avan\u00e7ando em duas agendas estrat\u00e9gicas que v\u00e3o transformar sua capacidade operacional e fortalecer o papel de Santa Catarina no com\u00e9rcio&#8230;<\/p>\n","protected":false},"author":1527,"featured_media":62804,"comment_status":"closed","ping_status":"closed","sticky":false,"template":"","format":"standard","meta":{"footnotes":""},"categories":[6],"tags":[],"class_list":["post-62803","post","type-post","status-publish","format-standard","has-post-thumbnail","hentry","category-noticias"],"_links":{"self":[{"href":"https:\/\/www.sincomam.org.br\/index.php\/wp-json\/wp\/v2\/posts\/62803","targetHints":{"allow":["GET"]}}],"collection":[{"href":"https:\/\/www.sincomam.org.br\/index.php\/wp-json\/wp\/v2\/posts"}],"about":[{"href":"https:\/\/www.sincomam.org.br\/index.php\/wp-json\/wp\/v2\/types\/post"}],"author":[{"embeddable":true,"href":"https:\/\/www.sincomam.org.br\/index.php\/wp-json\/wp\/v2\/users\/1527"}],"replies":[{"embeddable":true,"href":"https:\/\/www.sincomam.org.br\/index.php\/wp-json\/wp\/v2\/comments?post=62803"}],"version-history":[{"count":1,"href":"https:\/\/www.sincomam.org.br\/index.php\/wp-json\/wp\/v2\/posts\/62803\/revisions"}],"predecessor-version":[{"id":62805,"href":"https:\/\/www.sincomam.org.br\/index.php\/wp-json\/wp\/v2\/posts\/62803\/revisions\/62805"}],"wp:featuredmedia":[{"embeddable":true,"href":"https:\/\/www.sincomam.org.br\/index.php\/wp-json\/wp\/v2\/media\/62804"}],"wp:attachment":[{"href":"https:\/\/www.sincomam.org.br\/index.php\/wp-json\/wp\/v2\/media?parent=62803"}],"wp:term":[{"taxonomy":"category","embeddable":true,"href":"https:\/\/www.sincomam.org.br\/index.php\/wp-json\/wp\/v2\/categories?post=62803"},{"taxonomy":"post_tag","embeddable":true,"href":"https:\/\/www.sincomam.org.br\/index.php\/wp-json\/wp\/v2\/tags?post=62803"}],"curies":[{"name":"wp","href":"https:\/\/api.w.org\/{rel}","templated":true}]}}