{"id":62776,"date":"2025-12-05T11:03:15","date_gmt":"2025-12-05T14:03:15","guid":{"rendered":"https:\/\/www.sincomam.org.br\/?p=62776"},"modified":"2025-12-05T11:03:15","modified_gmt":"2025-12-05T14:03:15","slug":"antaq-abre-tomada-de-subsidios-que-trata-do-afretamento-por-tempo-na-navegacao-de-apoio-maritimo","status":"publish","type":"post","link":"https:\/\/www.sincomam.org.br\/index.php\/antaq-abre-tomada-de-subsidios-que-trata-do-afretamento-por-tempo-na-navegacao-de-apoio-maritimo\/","title":{"rendered":"ANTAQ abre tomada de subs\u00eddios que trata do afretamento por tempo na navega\u00e7\u00e3o de apoio mar\u00edtimo"},"content":{"rendered":"<p><span data-contrast=\"auto\">A Ag\u00eancia Nacional de Transportes Aquavi\u00e1rios (ANTAQ) abre, na pr\u00f3xima segunda-feira (08), o processo de tomada de subs\u00eddios para tratar do afretamento por tempo na navega\u00e7\u00e3o mar\u00edtima, com \u00eanfase em apoio mar\u00edtimo.<\/span><span data-ccp-props=\"{&quot;335557856&quot;:16777215}\">\u00a0<\/span><\/p>\n<p><span data-contrast=\"auto\">O objetivo \u00e9 obter contribui\u00e7\u00f5es, subs\u00eddios e sugest\u00f5es referentes ao relat\u00f3rio de An\u00e1lise de Impacto Regulat\u00f3rio (AIR) preliminar desse tema, que est\u00e1 inclu\u00eddo na Agenda Regulat\u00f3ria 2025\/2028. As contribui\u00e7\u00f5es podem ser enviadas at\u00e9 o dia 6 de janeiro de 2026.<\/span><span data-ccp-props=\"{&quot;335557856&quot;:16777215}\">\u00a0<\/span><\/p>\n<p><span data-contrast=\"auto\">O relat\u00f3rio apontou algumas solu\u00e7\u00f5es, com foco no afretamento por tempo de embarca\u00e7\u00f5es estrangeiras, como aperfei\u00e7oar os crit\u00e9rios para avalia\u00e7\u00e3o de bloqueios, estabelecer novas regras para o papel da ANTAQ nas negocia\u00e7\u00f5es, aprimorar o Sistema de Afretamento Mar\u00edtimo e de Apoio \u2013 SAMA, entre outros.<\/span><span data-ccp-props=\"{&quot;335557856&quot;:16777215}\">\u00a0<\/span><\/p>\n<p><span data-contrast=\"auto\">A participa\u00e7\u00e3o social servir\u00e1 como subs\u00eddio para fortalecer os instrumentos regulat\u00f3rios relacionados ao afretamento por tempo na navega\u00e7\u00e3o de apoio mar\u00edtimo. Essa a\u00e7\u00e3o refor\u00e7a o papel e compromisso da Ag\u00eancia de promover mais efici\u00eancia, seguran\u00e7a, previsibilidade regulat\u00f3ria e competitividade ao setor regulado.<\/span><span data-ccp-props=\"{&quot;335557856&quot;:16777215}\">\u00a0<\/span><\/p>\n<p><span data-contrast=\"auto\">A Tomada de Subs\u00eddios SRG n\u00ba 3\/2025-ANTAQ \u00e9 voltada exclusivamente para a navega\u00e7\u00e3o de apoio mar\u00edtimo. Ela integra a abordagem do tema 2.1 da Agenda Regulat\u00f3ria da ANTAQ 2025\/2028 \u2014 Afretamento por tempo na navega\u00e7\u00e3o mar\u00edtima, que tamb\u00e9m contempla a navega\u00e7\u00e3o de cabotagem, assunto que j\u00e1 passou pelos procedimentos de participa\u00e7\u00e3o social.<\/span><span data-ccp-props=\"{&quot;335557856&quot;:16777215}\">\u00a0<\/span><\/p>\n<p><b><strong><span data-contrast=\"auto\">Contribui\u00e7\u00f5es<\/span><span data-ccp-props=\"{&quot;335557856&quot;:16777215}\">\u00a0<\/span>\u00a0<\/strong><\/b><\/p>\n<p><span data-contrast=\"auto\">Mais informa\u00e7\u00f5es sobre a tomada de subs\u00eddios estar\u00e3o dispon\u00edveis\u00a0<\/span><a href=\"https:\/\/www.gov.br\/antaq\/pt-br\/acesso-a-informacao\/participacao-social\/tomada-de-subsidio-1\/tomada-de-subsidios-em-andamento\"><span data-contrast=\"none\">neste link<\/span><\/a><span data-contrast=\"auto\">.<\/span><span data-ccp-props=\"{&quot;335557856&quot;:16777215}\">\u00a0<\/span><\/p>\n<p><span data-contrast=\"auto\">As contribui\u00e7\u00f5es come\u00e7am no dia 8 de dezembro e poder\u00e3o ser dirigidas \u00e0 ANTAQ at\u00e9 as 23h59 do dia 6 de janeiro de 2026. Os envios devem ser realizados exclusivamente pelo formul\u00e1rio eletr\u00f4nico dispon\u00edvel no site da autarquia. Para o envio de imagens digitais, tais como mapas, plantas e fotos devem ser encaminhados para o e-mail:\u00a0<\/span><a href=\"mailto:srg@antaq.gov.br\"><span data-contrast=\"none\">srg@antaq.gov.br<\/span><\/a><span data-contrast=\"auto\">.<\/span><span data-ccp-props=\"{&quot;335557856&quot;:16777215}\">\u00a0<\/span><\/p>\n<p><span data-contrast=\"auto\">Caso o interessado n\u00e3o disponha dos recursos necess\u00e1rios para o envio da contribui\u00e7\u00e3o por meio do question\u00e1rio eletr\u00f4nico, poder\u00e1 faz\u00ea-la utilizando o computador da\u00a0Secretaria-Geral\u00a0\u2013 SGE, desta Ag\u00eancia, no caso de Bras\u00edlia, ou nas suas Unidades Regionais, cujos endere\u00e7os se encontram dispon\u00edveis no s\u00edtio da ANTAQ.<\/span><span data-ccp-props=\"{&quot;335557856&quot;:16777215}\">\u00a0<\/span><\/p>\n<p>Fonte: Informativo dos Portos<\/p>\n","protected":false},"excerpt":{"rendered":"<p>A Ag\u00eancia Nacional de Transportes Aquavi\u00e1rios (ANTAQ) abre, na pr\u00f3xima segunda-feira (08), o processo de tomada de subs\u00eddios para tratar do afretamento por tempo na&#8230;<\/p>\n","protected":false},"author":1527,"featured_media":62777,"comment_status":"closed","ping_status":"closed","sticky":false,"template":"","format":"standard","meta":{"footnotes":""},"categories":[6],"tags":[],"class_list":["post-62776","post","type-post","status-publish","format-standard","has-post-thumbnail","hentry","category-noticias"],"_links":{"self":[{"href":"https:\/\/www.sincomam.org.br\/index.php\/wp-json\/wp\/v2\/posts\/62776","targetHints":{"allow":["GET"]}}],"collection":[{"href":"https:\/\/www.sincomam.org.br\/index.php\/wp-json\/wp\/v2\/posts"}],"about":[{"href":"https:\/\/www.sincomam.org.br\/index.php\/wp-json\/wp\/v2\/types\/post"}],"author":[{"embeddable":true,"href":"https:\/\/www.sincomam.org.br\/index.php\/wp-json\/wp\/v2\/users\/1527"}],"replies":[{"embeddable":true,"href":"https:\/\/www.sincomam.org.br\/index.php\/wp-json\/wp\/v2\/comments?post=62776"}],"version-history":[{"count":1,"href":"https:\/\/www.sincomam.org.br\/index.php\/wp-json\/wp\/v2\/posts\/62776\/revisions"}],"predecessor-version":[{"id":62778,"href":"https:\/\/www.sincomam.org.br\/index.php\/wp-json\/wp\/v2\/posts\/62776\/revisions\/62778"}],"wp:featuredmedia":[{"embeddable":true,"href":"https:\/\/www.sincomam.org.br\/index.php\/wp-json\/wp\/v2\/media\/62777"}],"wp:attachment":[{"href":"https:\/\/www.sincomam.org.br\/index.php\/wp-json\/wp\/v2\/media?parent=62776"}],"wp:term":[{"taxonomy":"category","embeddable":true,"href":"https:\/\/www.sincomam.org.br\/index.php\/wp-json\/wp\/v2\/categories?post=62776"},{"taxonomy":"post_tag","embeddable":true,"href":"https:\/\/www.sincomam.org.br\/index.php\/wp-json\/wp\/v2\/tags?post=62776"}],"curies":[{"name":"wp","href":"https:\/\/api.w.org\/{rel}","templated":true}]}}