{"id":62770,"date":"2025-12-05T10:59:49","date_gmt":"2025-12-05T13:59:49","guid":{"rendered":"https:\/\/www.sincomam.org.br\/?p=62770"},"modified":"2025-12-05T11:03:52","modified_gmt":"2025-12-05T14:03:52","slug":"concessao-do-canal-de-acesso-do-porto-de-paranagua-tem-resultado-homologado","status":"publish","type":"post","link":"https:\/\/www.sincomam.org.br\/index.php\/concessao-do-canal-de-acesso-do-porto-de-paranagua-tem-resultado-homologado\/","title":{"rendered":"Concess\u00e3o do canal de acesso do Porto de Paranagu\u00e1 tem resultado homologado"},"content":{"rendered":"<p>O Minist\u00e9rio de Portos e Aeroportos homologou, nesta quinta-feira (4), o\u00a0resultado do leil\u00e3o de concess\u00e3o do canal de acesso aquavi\u00e1rio ao Porto de Paranagu\u00e1\u00a0(PR), confirmando o Cons\u00f3rcio Canal Galheta Dragagem como concession\u00e1rio e respons\u00e1vel pelo aprofundamento e a amplia\u00e7\u00e3o do canal para permitir a entrada de embarca\u00e7\u00f5es de maior porte no terminal paranaense. O CCGD \u00e9 formado pelas belgas Deme Concessions NV e Deme Dredging NV e a brasileira FTS Participa\u00e7\u00f5es.<\/p>\n<p>A homologa\u00e7\u00e3o considerou a proposta apresentada pelo cons\u00f3rcio vencedor, a habilita\u00e7\u00e3o t\u00e9cnica da Comiss\u00e3o Permanente de Licita\u00e7\u00e3o de Concess\u00f5es e Arrendamentos Portu\u00e1rios e o cumprimento de todos os procedimentos definidos pela Ag\u00eancia Nacional de Transportes Aquavi\u00e1rios (Antaq) no edital de concess\u00e3o. Com ela, poder\u00e1 ser iniciado o projeto de aprofundamento e alargamento do canal principal, com investimento previsto em R$ 1,22 bilh\u00e3o.<\/p>\n<p>Com a etapa licitat\u00f3ria conclu\u00edda e homologada, o pr\u00f3ximo passo ser\u00e1 a assinatura do contrato de concess\u00e3o. Em seguida, poder\u00e3o ser iniciadas as obras e os servi\u00e7os previstos na concess\u00e3o. A concession\u00e1ria ter\u00e1 que assegurar a manuten\u00e7\u00e3o da profundidade de acesso e a melhoria das condi\u00e7\u00f5es de navegabilidade.<\/p>\n<p>&nbsp;<\/p>\n<p>Fonte: Portos e Navios<\/p>\n","protected":false},"excerpt":{"rendered":"<p>O Minist\u00e9rio de Portos e Aeroportos homologou, nesta quinta-feira (4), o\u00a0resultado do leil\u00e3o de concess\u00e3o do canal de acesso aquavi\u00e1rio ao Porto de Paranagu\u00e1\u00a0(PR), confirmando&#8230;<\/p>\n","protected":false},"author":1527,"featured_media":62771,"comment_status":"closed","ping_status":"closed","sticky":false,"template":"","format":"standard","meta":{"footnotes":""},"categories":[6],"tags":[],"class_list":["post-62770","post","type-post","status-publish","format-standard","has-post-thumbnail","hentry","category-noticias"],"_links":{"self":[{"href":"https:\/\/www.sincomam.org.br\/index.php\/wp-json\/wp\/v2\/posts\/62770","targetHints":{"allow":["GET"]}}],"collection":[{"href":"https:\/\/www.sincomam.org.br\/index.php\/wp-json\/wp\/v2\/posts"}],"about":[{"href":"https:\/\/www.sincomam.org.br\/index.php\/wp-json\/wp\/v2\/types\/post"}],"author":[{"embeddable":true,"href":"https:\/\/www.sincomam.org.br\/index.php\/wp-json\/wp\/v2\/users\/1527"}],"replies":[{"embeddable":true,"href":"https:\/\/www.sincomam.org.br\/index.php\/wp-json\/wp\/v2\/comments?post=62770"}],"version-history":[{"count":1,"href":"https:\/\/www.sincomam.org.br\/index.php\/wp-json\/wp\/v2\/posts\/62770\/revisions"}],"predecessor-version":[{"id":62772,"href":"https:\/\/www.sincomam.org.br\/index.php\/wp-json\/wp\/v2\/posts\/62770\/revisions\/62772"}],"wp:featuredmedia":[{"embeddable":true,"href":"https:\/\/www.sincomam.org.br\/index.php\/wp-json\/wp\/v2\/media\/62771"}],"wp:attachment":[{"href":"https:\/\/www.sincomam.org.br\/index.php\/wp-json\/wp\/v2\/media?parent=62770"}],"wp:term":[{"taxonomy":"category","embeddable":true,"href":"https:\/\/www.sincomam.org.br\/index.php\/wp-json\/wp\/v2\/categories?post=62770"},{"taxonomy":"post_tag","embeddable":true,"href":"https:\/\/www.sincomam.org.br\/index.php\/wp-json\/wp\/v2\/tags?post=62770"}],"curies":[{"name":"wp","href":"https:\/\/api.w.org\/{rel}","templated":true}]}}