{"id":62706,"date":"2025-12-04T08:15:59","date_gmt":"2025-12-04T11:15:59","guid":{"rendered":"https:\/\/www.sincomam.org.br\/?p=62706"},"modified":"2025-12-04T08:15:59","modified_gmt":"2025-12-04T11:15:59","slug":"refinaria-no-porto-de-suape-pe-recebe-investimentos-para-obras-de-expansao-e-modernizacao","status":"publish","type":"post","link":"https:\/\/www.sincomam.org.br\/index.php\/refinaria-no-porto-de-suape-pe-recebe-investimentos-para-obras-de-expansao-e-modernizacao\/","title":{"rendered":"Refinaria no Porto de Suape (PE) recebe investimentos para obras de expans\u00e3o e moderniza\u00e7\u00e3o"},"content":{"rendered":"<p>O presidente Luiz In\u00e1cio Lula da Silva e o ministro de Portos e Aeroportos, Silvio Costa Filho, participaram nesta ter\u00e7a-feira (2), em Ipojuca (PE), do an\u00fancio de investimentos que podem chegar a R$ 12 bilh\u00f5es na Refinaria Abreu e Lima (Rnest), instalada no Complexo Industrial Portu\u00e1rio de Suape. A cerim\u00f4nia marcou mais um passo na integra\u00e7\u00e3o log\u00edstica e operacional entre a refinaria e o Porto.<\/p>\n<p>O projeto de expans\u00e3o da Refinaria Abreu e Lima, principal obra do Novo PAC no Estado, elevar\u00e1 a capacidade de produ\u00e7\u00e3o para 260 mil barris por dia at\u00e9 2029 e dever\u00e1 gerar aproximadamente 30 mil empregos ao longo da constru\u00e7\u00e3o, em uma a\u00e7\u00e3o considerada hist\u00f3rica para Pernambuco.<\/p>\n<p>Durante o evento, o ministro Silvio Costa Filho destacou o papel da Rnest e de Suape no fortalecimento do setor energ\u00e9tico. \u201cA Refinaria Abreu e Lima \u00e9 uma das mais modernas do Brasil e depende diretamente de Suape para receber petr\u00f3leo bruto e distribuir seus derivados. Investir aqui \u00e9 fortalecer a seguran\u00e7a energ\u00e9tica do pa\u00eds e garantir novas oportunidades de desenvolvimento para Pernambuco\u201d, afirmou Silvio Costa Filho.<\/p>\n<p>O presidente Lula tamb\u00e9m ressaltou a import\u00e2ncia da integra\u00e7\u00e3o entre infraestrutura, refino e gera\u00e7\u00e3o de empregos para o desenvolvimento do pa\u00eds. \u201cA expans\u00e3o da Rnest e o crescimento de Suape mostram que o Nordeste voltou a ser prioridade. \u00c9 extremamente importante que a gente n\u00e3o perca de vista o que est\u00e1 acontecendo no Brasil e em Pernambuco hoje. O que vemos agora confirma a soberania do nosso pa\u00eds e a for\u00e7a da Petrobras, a nossa maior empresa, gerando desenvolvimento, dignidade e benef\u00edcios diretos ao povo brasileiro. Quando investimos em energia, log\u00edstica e ind\u00fastria, estamos investindo no povo e no futuro do Brasil\u201d, afirmou o presidente.<\/p>\n<p>Os n\u00fameros recentes refor\u00e7am essa relev\u00e2ncia. Em setembro de 2025, o Porto de Suape movimentou 2,2 milh\u00f5es de toneladas, alta de 10,33% em rela\u00e7\u00e3o ao ano anterior. O granel l\u00edquido somou 1,4 milh\u00e3o de toneladas, impulsionado pelo aumento de 84,48% na movimenta\u00e7\u00e3o de petr\u00f3leo bruto, diretamente associada \u00e0s opera\u00e7\u00f5es da Rnest.<\/p>\n<p>Para Silvio Costa Filho, esses resultados comprovam a for\u00e7a da integra\u00e7\u00e3o entre porto, refinaria e ind\u00fastria. \u201cSuape \u00e9 o cora\u00e7\u00e3o log\u00edstico da Rnest. Este novo ciclo de investimentos consolida o complexo como um dos principais polos energ\u00e9ticos do pa\u00eds\u201d, afirmou o ministro, destacando ainda que ampliar a capacidade da refinaria para 260 mil barris por dia at\u00e9 2029 \u00e9 \u201cuma repara\u00e7\u00e3o hist\u00f3rica para Pernambuco\u201d.<\/p>\n<p><strong>Infraestrutura energ\u00e9tica<\/strong><\/p>\n<p>A Petrobras vai investir cerca de R$ 12 bilh\u00f5es na conclus\u00e3o do Trem 2 da Refinaria Abreu e Lima e em atividades de manuten\u00e7\u00e3o do Trem 1. As obras devem adicionar 130 mil barris por dia \u00e0 capacidade de processamento da unidade, que dever\u00e1 alcan\u00e7ar 260 mil barris di\u00e1rios at\u00e9 2029, refor\u00e7ando o conjunto de a\u00e7\u00f5es que consolidam Suape como eixo estrat\u00e9gico da infraestrutura e da seguran\u00e7a energ\u00e9tica nacional.<\/p>\n<p>A constru\u00e7\u00e3o do Trem 2 mobiliza atualmente cerca de 5.700 trabalhadores e deve gerar, ao longo do empreendimento, aproximadamente 15 mil postos de trabalho diretos e indiretos. A amplia\u00e7\u00e3o elevar\u00e1 de forma expressiva a produ\u00e7\u00e3o de derivados, com incremento de 88 mil barris di\u00e1rios de Diesel S-10, al\u00e9m de gasolina, GLP e nafta. O aumento da oferta contribuir\u00e1 para reduzir a depend\u00eancia de importa\u00e7\u00f5es e ampliar a autonomia energ\u00e9tica do pa\u00eds.<\/p>\n<p>O projeto segue diretrizes internacionais e incorpora tecnologias de menor impacto ambiental, priorizando confiabilidade operacional, qualidade dos produtos, baixo custo de manuten\u00e7\u00e3o, efici\u00eancia energ\u00e9tica, uso racional de \u00e1gua e elevados padr\u00f5es de seguran\u00e7a.<\/p>\n<p>Fonte: Informativo dos Portos<\/p>\n","protected":false},"excerpt":{"rendered":"<p>O presidente Luiz In\u00e1cio Lula da Silva e o ministro de Portos e Aeroportos, Silvio Costa Filho, participaram nesta ter\u00e7a-feira (2), em Ipojuca (PE), do&#8230;<\/p>\n","protected":false},"author":1527,"featured_media":62707,"comment_status":"closed","ping_status":"closed","sticky":false,"template":"","format":"standard","meta":{"footnotes":""},"categories":[6],"tags":[],"class_list":["post-62706","post","type-post","status-publish","format-standard","has-post-thumbnail","hentry","category-noticias"],"_links":{"self":[{"href":"https:\/\/www.sincomam.org.br\/index.php\/wp-json\/wp\/v2\/posts\/62706","targetHints":{"allow":["GET"]}}],"collection":[{"href":"https:\/\/www.sincomam.org.br\/index.php\/wp-json\/wp\/v2\/posts"}],"about":[{"href":"https:\/\/www.sincomam.org.br\/index.php\/wp-json\/wp\/v2\/types\/post"}],"author":[{"embeddable":true,"href":"https:\/\/www.sincomam.org.br\/index.php\/wp-json\/wp\/v2\/users\/1527"}],"replies":[{"embeddable":true,"href":"https:\/\/www.sincomam.org.br\/index.php\/wp-json\/wp\/v2\/comments?post=62706"}],"version-history":[{"count":1,"href":"https:\/\/www.sincomam.org.br\/index.php\/wp-json\/wp\/v2\/posts\/62706\/revisions"}],"predecessor-version":[{"id":62708,"href":"https:\/\/www.sincomam.org.br\/index.php\/wp-json\/wp\/v2\/posts\/62706\/revisions\/62708"}],"wp:featuredmedia":[{"embeddable":true,"href":"https:\/\/www.sincomam.org.br\/index.php\/wp-json\/wp\/v2\/media\/62707"}],"wp:attachment":[{"href":"https:\/\/www.sincomam.org.br\/index.php\/wp-json\/wp\/v2\/media?parent=62706"}],"wp:term":[{"taxonomy":"category","embeddable":true,"href":"https:\/\/www.sincomam.org.br\/index.php\/wp-json\/wp\/v2\/categories?post=62706"},{"taxonomy":"post_tag","embeddable":true,"href":"https:\/\/www.sincomam.org.br\/index.php\/wp-json\/wp\/v2\/tags?post=62706"}],"curies":[{"name":"wp","href":"https:\/\/api.w.org\/{rel}","templated":true}]}}