{"id":6268,"date":"2014-06-24T08:18:47","date_gmt":"2014-06-24T11:18:47","guid":{"rendered":"http:\/\/www.sincomam.org.br\/?p=6268"},"modified":"2014-06-23T16:22:18","modified_gmt":"2014-06-23T19:22:18","slug":"alianca-pacifico-encerra-cupula-com-apelo-solitario-do-chile-por-dialogo-com-mercosul","status":"publish","type":"post","link":"https:\/\/www.sincomam.org.br\/index.php\/alianca-pacifico-encerra-cupula-com-apelo-solitario-do-chile-por-dialogo-com-mercosul\/","title":{"rendered":"Alian\u00e7a Pac\u00edfico encerra c\u00fapula com apelo solit\u00e1rio do Chile por di\u00e1logo com Mercosul"},"content":{"rendered":"<p>Os presidentes da Alian\u00e7a do Pac\u00edfico, bloco comercial formado por Chile, Col\u00f4mbia, M\u00e9xico e Peru, realizaram nesta \u00faltima sexta-feira (20) a IX c\u00fapula em Nayarit (M\u00e9xico) dando boas-vindas \u00e0 socialista Michele Bachelet, que insistiu na &#8220;necessidade&#8221; de abrir a \u00e1rea de livre-com\u00e9rcio ao Mercosul.<\/p>\n<p>Em sua estreia no bloco, a presidente chilena pediu maior abertura ao Mercosul. &#8220;Temos que continuar avan\u00e7ando na nossa rela\u00e7\u00e3o com a \u00c1sia-Pac\u00edfico e em rela\u00e7\u00e3o a outras inst\u00e2ncias da nossa regi\u00e3o, como o Mercosul&#8221;, ressaltou Bachelet no encerramento da c\u00fapula, na qual os quatros presidentes assinaram a Declara\u00e7\u00e3o de Punta Mita.<\/p>\n<p>&#8220;Achamos que, apesar das leg\u00edtimas diferen\u00e7as, \u00e9 poss\u00edvel um acordo entre a Alian\u00e7a do Pac\u00edfico e o Mercosul. N\u00e3o s\u00f3 nos parece poss\u00edvel, como acreditamos que seja necess\u00e1rio&#8221;, insistiu a mandat\u00e1ria, argumentando que a regi\u00e3o tem a &#8220;grande oportunidade&#8221; de progredir em meio \u00e0 diversidade e de transformar o Pac\u00edfico em &#8220;porto e ponte para toda a Am\u00e9rica Latina.<\/p>\n<p>Embora j\u00e1 haja uma reuni\u00e3o ministerial entre os pa\u00edses da Alian\u00e7a e do Mercosul marcada para o final de julho, em Cartagena de \u00cdndias (Col\u00f4mbia), os presidentes de M\u00e9xico, Col\u00f4mbia e Peru se esquivaram do debate proposto pela l\u00edder chilena.<\/p>\n<p>Abertura vs. protecionismo &#8211; A Alian\u00e7a \u00e9 um &#8220;espa\u00e7o aberto, buscamos a integra\u00e7\u00e3o (&#8230;) mas tamb\u00e9m n\u00e3o \u00e9 um espa\u00e7o ideol\u00f3gico e talvez por isso tenhamos avan\u00e7ado na resolu\u00e7\u00e3o de problemas&#8221;, considerou o presidente peruano, Ollanta Humala. &#8220;Essa \u00e9 a diferen\u00e7a que nos permite avan\u00e7ar a uma velocidade importante e sustent\u00e1vel&#8221;, acrescentou.<\/p>\n<p>O pragm\u00e1tico bloco do Pac\u00edfico, fundado em 2011 com clara voca\u00e7\u00e3o para o livre-com\u00e9rcio e com interesse no mercado asi\u00e1tico, se converteu em apenas tr\u00eas anos em uma refer\u00eancia para os investidores, por sua estabilidade, tend\u00eancia \u00e0 abertura comercial e rapidez nas negocia\u00e7\u00f5es dos acordos. J\u00e1 o Mercosul \u00e9 conhecido por sua pol\u00edtica protecionista.<\/p>\n<p>Nos dias de reuni\u00e3o preparat\u00f3ria da c\u00fapula, com a participa\u00e7\u00e3o de ministros e chanceleres, os integrantes da Alian\u00e7a afirmaram que o bloco est\u00e1 aberto \u00e0 proposta chilena de dialogar com o Mercosul. No entanto, o chanceler chileno, Heraldo Mu\u00f1oz, reconheceu na quinta-feira que uma eventual ades\u00e3o dos membros sul-americanos estaria &#8220;muito longe&#8221; e provavelmente fora dos objetivos destes pa\u00edses.<\/p>\n<p>Somente Uruguai e Paraguai s\u00e3o observadores da Alian\u00e7a do Pac\u00edfico, bloco que exige tratados de livre-com\u00e9rcio (TLC) com os pa\u00edses fundadores para a ades\u00e3o como membro pleno.<\/p>\n<p>Analistas consideram que a desacelera\u00e7\u00e3o brasileira, a complicada solv\u00eancia da Argentina e os altos \u00edndices de infla\u00e7\u00e3o da Venezuela seriam contraproducentes para as economias est\u00e1veis da Alian\u00e7a do Pac\u00edfico.<\/p>\n<p>Fonte: Jornal do Commercio (PE)\/Da AF<\/p>\n","protected":false},"excerpt":{"rendered":"<p>Os presidentes da Alian\u00e7a do Pac\u00edfico, bloco comercial formado por Chile, Col\u00f4mbia, M\u00e9xico e Peru, realizaram nesta \u00faltima sexta-feira (20) a IX c\u00fapula em Nayarit&#8230;<\/p>\n","protected":false},"author":1182,"featured_media":6269,"comment_status":"closed","ping_status":"closed","sticky":false,"template":"","format":"standard","meta":{"footnotes":""},"categories":[6],"tags":[],"class_list":["post-6268","post","type-post","status-publish","format-standard","has-post-thumbnail","hentry","category-noticias"],"_links":{"self":[{"href":"https:\/\/www.sincomam.org.br\/index.php\/wp-json\/wp\/v2\/posts\/6268","targetHints":{"allow":["GET"]}}],"collection":[{"href":"https:\/\/www.sincomam.org.br\/index.php\/wp-json\/wp\/v2\/posts"}],"about":[{"href":"https:\/\/www.sincomam.org.br\/index.php\/wp-json\/wp\/v2\/types\/post"}],"author":[{"embeddable":true,"href":"https:\/\/www.sincomam.org.br\/index.php\/wp-json\/wp\/v2\/users\/1182"}],"replies":[{"embeddable":true,"href":"https:\/\/www.sincomam.org.br\/index.php\/wp-json\/wp\/v2\/comments?post=6268"}],"version-history":[{"count":1,"href":"https:\/\/www.sincomam.org.br\/index.php\/wp-json\/wp\/v2\/posts\/6268\/revisions"}],"predecessor-version":[{"id":6270,"href":"https:\/\/www.sincomam.org.br\/index.php\/wp-json\/wp\/v2\/posts\/6268\/revisions\/6270"}],"wp:featuredmedia":[{"embeddable":true,"href":"https:\/\/www.sincomam.org.br\/index.php\/wp-json\/wp\/v2\/media\/6269"}],"wp:attachment":[{"href":"https:\/\/www.sincomam.org.br\/index.php\/wp-json\/wp\/v2\/media?parent=6268"}],"wp:term":[{"taxonomy":"category","embeddable":true,"href":"https:\/\/www.sincomam.org.br\/index.php\/wp-json\/wp\/v2\/categories?post=6268"},{"taxonomy":"post_tag","embeddable":true,"href":"https:\/\/www.sincomam.org.br\/index.php\/wp-json\/wp\/v2\/tags?post=6268"}],"curies":[{"name":"wp","href":"https:\/\/api.w.org\/{rel}","templated":true}]}}