{"id":62675,"date":"2025-12-03T11:26:05","date_gmt":"2025-12-03T14:26:05","guid":{"rendered":"https:\/\/www.sincomam.org.br\/?p=62675"},"modified":"2025-12-03T11:26:05","modified_gmt":"2025-12-03T14:26:05","slug":"com-83-milhoes-de-trabalhadores-idosos-tem-nivel-de-ocupacao-recorde","status":"publish","type":"post","link":"https:\/\/www.sincomam.org.br\/index.php\/com-83-milhoes-de-trabalhadores-idosos-tem-nivel-de-ocupacao-recorde\/","title":{"rendered":"Com 8,3 milh\u00f5es de trabalhadores, idosos t\u00eam n\u00edvel de ocupa\u00e7\u00e3o recorde"},"content":{"rendered":"<p>Cerca de 8,3 milh\u00f5es de pessoas com 60 anos ou mais estavam trabalhando em 2024. Com esse contingente,\u00a0o Brasil alcan\u00e7ou o recorde no n\u00edvel de ocupa\u00e7\u00e3o desse grupo et\u00e1rio, desde que o levantamento come\u00e7ou, em 2012.<img decoding=\"async\" src=\"https:\/\/agenciabrasil.ebc.com.br\/ebc.png?id=1670527&amp;o=node\" \/><img decoding=\"async\" src=\"https:\/\/agenciabrasil.ebc.com.br\/ebc.gif?id=1670527&amp;o=node\" \/><\/p>\n<p>Dos 34,1 milh\u00f5es de idosos, um em cada quatro (24,4%) estava ocupado no ano passado.<\/p>\n<p>A revela\u00e7\u00e3o faz parte do levantamento S\u00edntese de Indicadores Sociais, divulgado nesta quarta-feira (3) pelo Instituto Brasileiro de Geografia e Estat\u00edstica (IBGE).<\/p>\n<p>Desde 2020, cresce o n\u00edvel de ocupa\u00e7\u00e3o de idosos:<\/p>\n<ul>\n<li>2020 \u2013 19,8%<\/li>\n<li>2021 \u2013 19,9%<\/li>\n<li>2022 \u2013 21,3%<\/li>\n<li>2023 \u2013 23%<\/li>\n<li>2024 \u2013 24,4%<\/li>\n<\/ul>\n<h2>Reforma da previd\u00eancia<\/h2>\n<p>A analista do IBGE Denise Guichard Freire, respons\u00e1vel pelo cap\u00edtulo, aponta que, al\u00e9m do aumento da expectativa de vida, a reforma da previd\u00eancia, promulgada em 2019, \u00e9 uma das explica\u00e7\u00f5es para o ganho de ocupa\u00e7\u00e3o.<\/p>\n<blockquote><p>\u201cCertamente a reforma da previd\u00eancia \u00e9 um dos fatores que levam as pessoas a ter que trabalhar mais tempo, a contribuir mais tempo para conseguir se aposentar\u201d, afirma.<\/p><\/blockquote>\n<p>O estudo mostra que a taxa de desocupa\u00e7\u00e3o \u2013 popularmente conhecida como taxa de desemprego \u2013 dessa popula\u00e7\u00e3o foi de 2,9% em 2024, a menor da s\u00e9rie hist\u00f3rica do IBGE.<\/p>\n<p>Para efeito de compara\u00e7\u00e3o, o desemprego do total da popula\u00e7\u00e3o era de 6,6% no ano passado.<\/p>\n<p>Ao dividir por idades, o IBGE identifica que no grupo de 60 a 69 anos, 34,2% estavam ocupados. Quase metade (48%) dos homens trabalhavam. Entre as mulheres, eram 26,2%.<\/p>\n<p>J\u00e1 no grupo com 70 anos ou mais, a ocupa\u00e7\u00e3o era reduzida a 16,7%. Entre os homens, 15,7%. No grupo das mulheres, 5,8%.<\/p>\n<h2>Conta pr\u00f3pria e empregador<\/h2>\n<p>O IBGE apura informa\u00e7\u00f5es de como \u00e9 a atua\u00e7\u00e3o dos idosos no mercado de trabalho.\u00a0Um dado relevante \u00e9 que mais da metade deles (51,1%) trabalhava por conta pr\u00f3pria (43,3%) ou como empregador (7,8%).<\/p>\n<p>Para efeito de compara\u00e7\u00e3o,\u00a0na popula\u00e7\u00e3o ocupada como um todo, conta pr\u00f3pria e empregadores somam apenas 29,5% dos trabalhadores.<\/p>\n<p>No conjunto da popula\u00e7\u00e3o, a forma de atua\u00e7\u00e3o mais comum \u00e9 como empregado com carteira assinada (38,9% dos trabalhadores). Entre os idosos, apenas 17% tinham essa condi\u00e7\u00e3o.<\/p>\n<h2>Rendimento<\/h2>\n<p>Ao analisar os dados de rendimento,\u00a0o IBGE identificou que os idosos receberam R$ 3.561 mensalmente, em m\u00e9dia, superando o valor do conjunto da popula\u00e7\u00e3o com 14 anos ou mais de idade (R$ 3.108). Isso significa que os idosos ganharam 14,6% mais.<\/p>\n<p>J\u00e1 em rela\u00e7\u00e3o \u00e0 formaliza\u00e7\u00e3o, as pessoas com 60 anos ou mais ficam em desvantagem em rela\u00e7\u00e3o ao total dos trabalhadores. A taxa do pa\u00eds era de 59,4% dos ocupados. No grupo dos idosos, 44,3%.<\/p>\n<p>O IBGE considera informais empregados sem carteira assinada, e trabalhadores por conta pr\u00f3pria e empregadores que n\u00e3o contribuem para a previd\u00eancia social.<\/p>\n<p>Fonte: Ag\u00eancia Brasil<\/p>\n","protected":false},"excerpt":{"rendered":"<p>Cerca de 8,3 milh\u00f5es de pessoas com 60 anos ou mais estavam trabalhando em 2024. Com esse contingente,\u00a0o Brasil alcan\u00e7ou o recorde no n\u00edvel de&#8230;<\/p>\n","protected":false},"author":1527,"featured_media":62676,"comment_status":"closed","ping_status":"closed","sticky":false,"template":"","format":"standard","meta":{"footnotes":""},"categories":[6],"tags":[],"class_list":["post-62675","post","type-post","status-publish","format-standard","has-post-thumbnail","hentry","category-noticias"],"_links":{"self":[{"href":"https:\/\/www.sincomam.org.br\/index.php\/wp-json\/wp\/v2\/posts\/62675","targetHints":{"allow":["GET"]}}],"collection":[{"href":"https:\/\/www.sincomam.org.br\/index.php\/wp-json\/wp\/v2\/posts"}],"about":[{"href":"https:\/\/www.sincomam.org.br\/index.php\/wp-json\/wp\/v2\/types\/post"}],"author":[{"embeddable":true,"href":"https:\/\/www.sincomam.org.br\/index.php\/wp-json\/wp\/v2\/users\/1527"}],"replies":[{"embeddable":true,"href":"https:\/\/www.sincomam.org.br\/index.php\/wp-json\/wp\/v2\/comments?post=62675"}],"version-history":[{"count":1,"href":"https:\/\/www.sincomam.org.br\/index.php\/wp-json\/wp\/v2\/posts\/62675\/revisions"}],"predecessor-version":[{"id":62677,"href":"https:\/\/www.sincomam.org.br\/index.php\/wp-json\/wp\/v2\/posts\/62675\/revisions\/62677"}],"wp:featuredmedia":[{"embeddable":true,"href":"https:\/\/www.sincomam.org.br\/index.php\/wp-json\/wp\/v2\/media\/62676"}],"wp:attachment":[{"href":"https:\/\/www.sincomam.org.br\/index.php\/wp-json\/wp\/v2\/media?parent=62675"}],"wp:term":[{"taxonomy":"category","embeddable":true,"href":"https:\/\/www.sincomam.org.br\/index.php\/wp-json\/wp\/v2\/categories?post=62675"},{"taxonomy":"post_tag","embeddable":true,"href":"https:\/\/www.sincomam.org.br\/index.php\/wp-json\/wp\/v2\/tags?post=62675"}],"curies":[{"name":"wp","href":"https:\/\/api.w.org\/{rel}","templated":true}]}}