{"id":62625,"date":"2025-12-02T11:32:30","date_gmt":"2025-12-02T14:32:30","guid":{"rendered":"https:\/\/www.sincomam.org.br\/?p=62625"},"modified":"2025-12-02T11:32:30","modified_gmt":"2025-12-02T14:32:30","slug":"mercado-reduz-previsao-da-inflacao-para-443-este-ano","status":"publish","type":"post","link":"https:\/\/www.sincomam.org.br\/index.php\/mercado-reduz-previsao-da-inflacao-para-443-este-ano\/","title":{"rendered":"Mercado reduz previs\u00e3o da infla\u00e7\u00e3o para 4,43% este ano"},"content":{"rendered":"<p><strong>A previs\u00e3o do mercado financeiro para o \u00cdndice Nacional de Pre\u00e7os ao Consumidor Amplo (IPCA) &#8211; considerado a infla\u00e7\u00e3o oficial do pa\u00eds &#8211; passou de 4,45% para 4,43% este ano<\/strong>. A estimativa foi publicada no\u00a0<strong>boletim Focus desta segunda-feira (1\u00ba)<\/strong>, divulgado\u00a0semanalmente pelo Banco Central (BC), com a expectativa de institui\u00e7\u00f5es financeiras para os principais indicadores econ\u00f4micos.<img decoding=\"async\" src=\"https:\/\/agenciabrasil.ebc.com.br\/ebc.png?id=1670259&amp;o=node\" \/><img decoding=\"async\" src=\"https:\/\/agenciabrasil.ebc.com.br\/ebc.gif?id=1670259&amp;o=node\" \/><\/p>\n<p><strong>Para 2026, a proje\u00e7\u00e3o da infla\u00e7\u00e3o variou de 4,18% para 4,17%. Para 2027 e 2028, as previs\u00f5es s\u00e3o de 3,8% e 3,5%, respectivamente<\/strong>.<\/p>\n<p>Pela terceira semana seguida, a previs\u00e3o foi reduzida, ap\u00f3s a divulga\u00e7\u00e3o do resultado da\u00a0infla\u00e7\u00e3o de outubro, a menor para o m\u00eas em quase 30 anos. Com isso, a estimativa alcan\u00e7ou o intervalo da meta de infla\u00e7\u00e3o que deve ser perseguida pelo BC.<\/p>\n<p><strong>Definida pelo Conselho Monet\u00e1rio Nacional (CMN), a meta \u00e9 de 3%, com intervalo de toler\u00e2ncia de 1,5 ponto percentual para cima ou para baixo. Ou seja, o limite inferior \u00e9 1,5% e o superior 4,5%.<\/strong><\/p>\n<p><strong>A redu\u00e7\u00e3o na conta de luz puxou a infla\u00e7\u00e3o oficial para baixo e fez o IPCA fechar outubro em 0,09%, o menor para o m\u00eas desde 1998<\/strong>, segundo o Instituto Brasileiro de Geografia Estat\u00edstica (IBGE). Em setembro, o \u00edndice havia marcado 0,48%. Em outubro de 2024, a varia\u00e7\u00e3o havia sido de 0,56%.<\/p>\n<p><strong>Com esse resultado, a infla\u00e7\u00e3o acumulada em 12 meses \u00e9 4,68%, a primeira vez, em oito meses, que o patamar fica abaixo da casa de 5%. No entanto, ainda acima do teto da meta do CMN<\/strong>.<\/p>\n<h2>Juros b\u00e1sicos<\/h2>\n<p>Para alcan\u00e7ar a meta de infla\u00e7\u00e3o, o Banco Central usa como principal instrumento a taxa b\u00e1sica de juros &#8211; a Selic &#8211; definida em 15% ao ano pelo Comit\u00ea de Pol\u00edtica Monet\u00e1ria (Copom) do BC.\u00a0<strong>O recuo da infla\u00e7\u00e3o e a desacelera\u00e7\u00e3o da economia levaram \u00e0 manuten\u00e7\u00e3o da Selic pela\u00a0terceira vez seguida<\/strong>, na \u00faltima reuni\u00e3o, no m\u00eas passado.<\/p>\n<p><strong>No entanto, o colegiado n\u00e3o descarta a possibilidade de voltar a elevar os juros \u201ccaso julgue apropriado\u201d.<\/strong><\/p>\n<p>Em nota, o BC informou que o ambiente externo se mant\u00e9m incerto por causa da conjuntura e da pol\u00edtica econ\u00f4mica nos Estados Unidos, com reflexos nas condi\u00e7\u00f5es financeiras globais. J\u00e1 no Brasil, a autarquia destacou que a infla\u00e7\u00e3o continua acima da meta, apesar da desacelera\u00e7\u00e3o da atividade econ\u00f4mica, o que indica que os juros continuar\u00e3o altos por bastante tempo.<\/p>\n<p><strong>A estimativa dos analistas de mercado \u00e9 que a taxa b\u00e1sica encerre 2025 nesses 15% ao ano. Para o fim de 2026, a expectativa \u00e9 que a Selic caia para 12% ao ano. Para 2027 e 2028, a previs\u00e3o \u00e9 que ela seja reduzida novamente para 10,5% ao ano e 9,5% ao ano, respectivamente<\/strong>.<\/p>\n<p>Quando o Copom aumenta a Selic, a finalidade \u00e9 conter a demanda aquecida; isso causa reflexos nos pre\u00e7os porque os juros mais altos encarecem o cr\u00e9dito e estimulam a poupan\u00e7a. Assim, taxas mais altas tamb\u00e9m podem dificultar a expans\u00e3o da economia. Os bancos ainda consideram outros fatores na hora de definir os juros cobrados dos consumidores, como risco de inadimpl\u00eancia, lucro e despesas administrativas.<\/p>\n<p>Quando a taxa Selic \u00e9 reduzida, a tend\u00eancia \u00e9 que o cr\u00e9dito fique mais barato, com incentivo \u00e0 produ\u00e7\u00e3o e ao consumo, reduzindo o controle sobre a infla\u00e7\u00e3o e estimulando a atividade econ\u00f4mica.<\/p>\n<p>Fonte: Ag\u00eancia Brasil<\/p>\n","protected":false},"excerpt":{"rendered":"<p>A previs\u00e3o do mercado financeiro para o \u00cdndice Nacional de Pre\u00e7os ao Consumidor Amplo (IPCA) &#8211; considerado a infla\u00e7\u00e3o oficial do pa\u00eds &#8211; passou de&#8230;<\/p>\n","protected":false},"author":1527,"featured_media":62626,"comment_status":"closed","ping_status":"closed","sticky":false,"template":"","format":"standard","meta":{"footnotes":""},"categories":[6],"tags":[],"class_list":["post-62625","post","type-post","status-publish","format-standard","has-post-thumbnail","hentry","category-noticias"],"_links":{"self":[{"href":"https:\/\/www.sincomam.org.br\/index.php\/wp-json\/wp\/v2\/posts\/62625","targetHints":{"allow":["GET"]}}],"collection":[{"href":"https:\/\/www.sincomam.org.br\/index.php\/wp-json\/wp\/v2\/posts"}],"about":[{"href":"https:\/\/www.sincomam.org.br\/index.php\/wp-json\/wp\/v2\/types\/post"}],"author":[{"embeddable":true,"href":"https:\/\/www.sincomam.org.br\/index.php\/wp-json\/wp\/v2\/users\/1527"}],"replies":[{"embeddable":true,"href":"https:\/\/www.sincomam.org.br\/index.php\/wp-json\/wp\/v2\/comments?post=62625"}],"version-history":[{"count":1,"href":"https:\/\/www.sincomam.org.br\/index.php\/wp-json\/wp\/v2\/posts\/62625\/revisions"}],"predecessor-version":[{"id":62627,"href":"https:\/\/www.sincomam.org.br\/index.php\/wp-json\/wp\/v2\/posts\/62625\/revisions\/62627"}],"wp:featuredmedia":[{"embeddable":true,"href":"https:\/\/www.sincomam.org.br\/index.php\/wp-json\/wp\/v2\/media\/62626"}],"wp:attachment":[{"href":"https:\/\/www.sincomam.org.br\/index.php\/wp-json\/wp\/v2\/media?parent=62625"}],"wp:term":[{"taxonomy":"category","embeddable":true,"href":"https:\/\/www.sincomam.org.br\/index.php\/wp-json\/wp\/v2\/categories?post=62625"},{"taxonomy":"post_tag","embeddable":true,"href":"https:\/\/www.sincomam.org.br\/index.php\/wp-json\/wp\/v2\/tags?post=62625"}],"curies":[{"name":"wp","href":"https:\/\/api.w.org\/{rel}","templated":true}]}}