{"id":62623,"date":"2025-12-02T11:21:30","date_gmt":"2025-12-02T14:21:30","guid":{"rendered":"https:\/\/www.sincomam.org.br\/?p=62623"},"modified":"2025-12-02T11:21:30","modified_gmt":"2025-12-02T14:21:30","slug":"expansao-historica-no-porto-de-sao-sebastiao-vai-gerar-mais-de-6-mil-empregos","status":"publish","type":"post","link":"https:\/\/www.sincomam.org.br\/index.php\/expansao-historica-no-porto-de-sao-sebastiao-vai-gerar-mais-de-6-mil-empregos\/","title":{"rendered":"Expans\u00e3o hist\u00f3rica no Porto de S\u00e3o Sebasti\u00e3o vai gerar mais de 6 mil empregos"},"content":{"rendered":"<p>O Porto de S\u00e3o Sebasti\u00e3o se prepara para o maior salto de sua hist\u00f3ria recente.\u00a0Com o arrendamento de um novo terminal, a \u00e1rea\u00a0<strong>SSB01<\/strong>, o complexo do litoral norte paulista deve receber\u00a0<strong>R$ 2,5 bilh\u00f5es em investimentos privados<\/strong>, quadruplicar a capacidade de movimenta\u00e7\u00e3o de cargas para at\u00e9\u00a0<strong>4,3 milh\u00f5es de toneladas por ano<\/strong>\u00a0e criar um novo terminal com\u00a0<strong>426 mil metros quadrados<\/strong> de \u00e1rea operacional.\u00a0A estimativa \u00e9 de gera\u00e7\u00e3o de\u00a0<strong>mais de 6 mil empregos<\/strong>, somando vagas tempor\u00e1rias e permanentes ao longo do contrato.<\/p>\n<p>A expans\u00e3o \u00e9 conduzida em parceria pelo governo federal e pelo governo do Estado de S\u00e3o Paulo, por meio da\u00a0<strong>Companhia Docas de S\u00e3o Sebasti\u00e3o (CDSS)<\/strong> e da Secretaria de Meio Ambiente, Infraestrutura e Log\u00edstica (Semil).\u00a0A licita\u00e7\u00e3o do terminal est\u00e1 prevista para\u00a0<strong>mar\u00e7o de 2026<\/strong>, etapa considerada decisiva para consolidar o porto como um dos principais hubs log\u00edsticos de S\u00e3o Paulo.<\/p>\n<div class=\"code-block code-block-2\">\n<div><strong>Arrendamento do SSB01 e impacto na log\u00edstica paulista<\/strong><\/div>\n<\/div>\n<p>A visita do ministro dos Portos e Aeroportos,\u00a0<strong>Silvio Costa Filho<\/strong>, ao Porto de S\u00e3o Sebasti\u00e3o marcou o in\u00edcio da fase final de prepara\u00e7\u00e3o do leil\u00e3o da \u00e1rea SSB01.\u00a0Na agenda, ele confirmou a inten\u00e7\u00e3o do governo federal de levar o projeto a leil\u00e3o em 2026, com contrato de longo prazo e foco em cargas gerais, gran\u00e9is e cont\u00eaineres.<\/p>\n<p>O projeto de arrendamento ainda passa por ajustes t\u00e9cnicos e jur\u00eddicos e precisa de aval do\u00a0<strong>Tribunal de Contas da Uni\u00e3o (TCU)<\/strong> antes da publica\u00e7\u00e3o definitiva do edital.\u00a0A modelagem atual prev\u00ea aumento de\u00a0<strong>187% na capacidade de movimenta\u00e7\u00e3o<\/strong>, permitindo que o porto alcance at\u00e9\u00a0<strong>4,3 milh\u00f5es de toneladas anuais<\/strong>, al\u00e9m de at\u00e9\u00a0<strong>1,3 milh\u00e3o de cont\u00eaineres por ano<\/strong>\u00a0quando o terminal estiver em plena opera\u00e7\u00e3o.<\/p>\n<p>A CDSS e o governo estadual tratam o SSB01 como o principal motor de um novo ciclo de crescimento para o porto, com expectativa de atrair grandes operadores log\u00edsticos, ampliar rotas internacionais e fortalecer o papel do litoral norte na cadeia de exporta\u00e7\u00e3o e importa\u00e7\u00e3o do estado.<\/p>\n<h3 id=\"h-novo-terminal-de-426-mil-m\u00b2\" class=\"wp-block-heading\">Novo terminal de 426 mil m\u00b2<\/h3>\n<p>Pela modelagem em discuss\u00e3o, o novo terminal ocupar\u00e1\u00a0<strong>426 mil m\u00b2 de \u00e1rea operacional<\/strong>, com p\u00e1tios de armazenagem, edifica\u00e7\u00f5es de apoio e um p\u00eder equipado com\u00a0<strong>dois ber\u00e7os de atraca\u00e7\u00e3o<\/strong>\u00a0para navios de grande porte.<\/p>\n<p>Um dos ber\u00e7os dever\u00e1 permanecer sob\u00a0<strong>opera\u00e7\u00e3o p\u00fablica<\/strong>, o que garante flexibilidade para o atendimento a diferentes tipos de carga e a manuten\u00e7\u00e3o de espa\u00e7o para opera\u00e7\u00f5es sob controle direto da autoridade portu\u00e1ria.<\/p>\n<p>O contrato de arrendamento ter\u00e1 prazo de cerca de\u00a0<strong>35 anos<\/strong>, per\u00edodo em que o investidor privado ser\u00e1 respons\u00e1vel pela implanta\u00e7\u00e3o, opera\u00e7\u00e3o e manuten\u00e7\u00e3o da infraestrutura.<\/p>\n<p>Em contrapartida, pagar\u00e1 outorga e tarifas previstas em contrato, al\u00e9m de seguir par\u00e2metros de desempenho operacional e ambiental definidos pela ag\u00eancia reguladora e pela Uni\u00e3o.<\/p>\n<p>Entre as obras previstas est\u00e3o a constru\u00e7\u00e3o do p\u00eder, amplia\u00e7\u00e3o de p\u00e1tios de manobra, instala\u00e7\u00e3o de sistemas modernos de carga e descarga de caminh\u00f5es, dragagem pontual de adequa\u00e7\u00e3o e melhorias de acessos internos.<\/p>\n<p>A expectativa \u00e9 que essas interven\u00e7\u00f5es ampliem a efici\u00eancia e reduzam gargalos hoje observados em per\u00edodos de maior fluxo.<\/p>\n<h3 id=\"h-investimentos-e-empregos-no-litoral-norte\" class=\"wp-block-heading\">Investimentos e empregos no litoral norte<\/h3>\n<p>A proje\u00e7\u00e3o oficial indica\u00a0<strong>R$ 2,5 bilh\u00f5es em investimentos privados<\/strong>\u00a0ao longo do contrato do SSB01.<\/p>\n<p>Desse total, uma parcela relevante se concentra na fase inicial de obras, quando ser\u00e3o constru\u00eddas as principais estruturas mar\u00edtimas e terrestres do terminal.<\/p>\n<p>Durante a constru\u00e7\u00e3o, a estimativa \u00e9 de gera\u00e7\u00e3o de cerca de\u00a0<strong>5 mil empregos diretos e indiretos<\/strong>, em fun\u00e7\u00f5es ligadas \u00e0 engenharia, servi\u00e7os, transporte, com\u00e9rcio e apoio log\u00edstico.<\/p>\n<p>Na fase operacional, o terminal deve manter\u00a0<strong>cerca de 1,3 mil postos de trabalho permanentes<\/strong>, entre empregos diretos e terceirizados, elevando o impacto total para mais de 6 mil vagas ao longo do ciclo.<\/p>\n<div class=\"code-block code-block-5\">\n<div>A perspectiva \u00e9 que a expans\u00e3o altere a din\u00e2mica econ\u00f4mica do litoral norte paulista, com reflexos em <strong>S\u00e3o Sebasti\u00e3o, Caraguatatuba, Ilhabela e cidades do Vale do Para\u00edba<\/strong>, fortalecendo cadeias como constru\u00e7\u00e3o civil, servi\u00e7os portu\u00e1rios, transporte rodovi\u00e1rio e atividades ligadas ao turismo de neg\u00f3cios.<\/div>\n<\/div>\n<h3 id=\"h-canal-profundo-e-recuperacao-da-movimentacao\" class=\"wp-block-heading\">Canal profundo e recupera\u00e7\u00e3o da movimenta\u00e7\u00e3o<\/h3>\n<div class=\"wp-block-group is-nowrap is-layout-flex wp-container-core-group-is-layout-ad2f72ca wp-block-group-is-layout-flex\">\n<p>Um dos principais trunfos do Porto de S\u00e3o Sebasti\u00e3o \u00e9 seu\u00a0<strong>canal natural profundo<\/strong>, que permite a recep\u00e7\u00e3o de navios de grande calado sem necessidade de dragagens constantes. Isso reduz custos operacionais e torna o complexo competitivo para cargas de maior volume e valor agregado. O porto vem registrando avan\u00e7os de movimenta\u00e7\u00e3o.<\/p>\n<\/div>\n<p>Em 2024, superou a marca de\u00a0<strong>1,4 milh\u00e3o de toneladas<\/strong> entre janeiro e novembro. Em 2025, o ritmo de crescimento se mant\u00e9m.\u00a0At\u00e9 setembro, foram movimentadas\u00a0<strong>1,12 milh\u00e3o de toneladas<\/strong>, com destaque para\u00a0<strong>barrilha, malte, trigo, a\u00e7\u00facar e equipamentos industriais<\/strong>.\u00a0O desempenho refor\u00e7a a diversifica\u00e7\u00e3o da carteira de cargas e a recupera\u00e7\u00e3o do protagonismo do porto entre os terminais p\u00fablicos do pa\u00eds.\u00a0Esse resultado rendeu a S\u00e3o Sebasti\u00e3o o reconhecimento no pr\u00eamio\u00a0<strong>Portos + Brasil<\/strong>, na categoria de maior crescimento percentual de movimenta\u00e7\u00e3o entre portos p\u00fablicos.<\/p>\n<h3 id=\"h-controle-de-caminhoes-e-nova-organizacao-logistica\" class=\"wp-block-heading\">Controle de caminh\u00f5es e nova organiza\u00e7\u00e3o log\u00edstica<\/h3>\n<p>Paralelamente ao projeto do SSB01, a CDSS implementou medidas para organizar a chegada de caminh\u00f5es ao porto.<\/p>\n<div class=\"code-block code-block-7\">\n<div>Desde outubro, passou a operar o <strong>Centro de Triagem Serramar<\/strong>, \u00e1rea de apoio log\u00edstico localizada em Caraguatatuba.<\/div>\n<\/div>\n<p>Todos os ve\u00edculos com destino ao Porto de S\u00e3o Sebasti\u00e3o devem, obrigatoriamente, passar pelo p\u00e1tio, com acesso condicionado a\u00a0<strong>agendamento pr\u00e9vio<\/strong>\u00a0realizado pelas transportadoras.<\/p>\n<p>O espa\u00e7o conta com cerca de\u00a0<strong>32 mil m\u00b2<\/strong>, estacionamento, sanit\u00e1rios, refeit\u00f3rio, \u00e1rea de descanso e monitoramento 24 horas.<\/p>\n<h3 id=\"h-governanca-e-integracao-regional\" class=\"wp-block-heading\">Governan\u00e7a e integra\u00e7\u00e3o regional<\/h3>\n<p>Sob a gest\u00e3o da\u00a0<strong>Companhia Docas de S\u00e3o Sebasti\u00e3o<\/strong>, vinculada \u00e0 Semil, o plano \u00e9 que a expans\u00e3o ocorra com foco em\u00a0<strong>efici\u00eancia operacional, sustentabilidade ambiental e integra\u00e7\u00e3o urbana<\/strong>.<\/p>\n<p>Estudos em andamento preveem manuten\u00e7\u00e3o de um ber\u00e7o de atraca\u00e7\u00e3o sob opera\u00e7\u00e3o p\u00fablica e exig\u00eancias ambientais rigorosas para o futuro arrendat\u00e1rio, incluindo controles de emiss\u00e3o, gest\u00e3o de res\u00edduos e monitoramento de impactos sobre o entorno.<\/p>\n<p>Para o governo estadual e a CDSS, o arrendamento do SSB01 se soma a outras iniciativas que pretendem consolidar o Porto de S\u00e3o Sebasti\u00e3o como alternativa estruturada aos grandes complexos portu\u00e1rios do Sudeste, especialmente na movimenta\u00e7\u00e3o de\u00a0<strong>gran\u00e9is, carga geral e cont\u00eaineres<\/strong>.<\/p>\n<p>Fonte: Click Petr\u00f3leo e G\u00e1s<\/p>\n","protected":false},"excerpt":{"rendered":"<p>O Porto de S\u00e3o Sebasti\u00e3o se prepara para o maior salto de sua hist\u00f3ria recente.\u00a0Com o arrendamento de um novo terminal, a \u00e1rea\u00a0SSB01, o complexo&#8230;<\/p>\n","protected":false},"author":1527,"featured_media":61896,"comment_status":"closed","ping_status":"closed","sticky":false,"template":"","format":"standard","meta":{"footnotes":""},"categories":[6],"tags":[],"class_list":["post-62623","post","type-post","status-publish","format-standard","has-post-thumbnail","hentry","category-noticias"],"_links":{"self":[{"href":"https:\/\/www.sincomam.org.br\/index.php\/wp-json\/wp\/v2\/posts\/62623","targetHints":{"allow":["GET"]}}],"collection":[{"href":"https:\/\/www.sincomam.org.br\/index.php\/wp-json\/wp\/v2\/posts"}],"about":[{"href":"https:\/\/www.sincomam.org.br\/index.php\/wp-json\/wp\/v2\/types\/post"}],"author":[{"embeddable":true,"href":"https:\/\/www.sincomam.org.br\/index.php\/wp-json\/wp\/v2\/users\/1527"}],"replies":[{"embeddable":true,"href":"https:\/\/www.sincomam.org.br\/index.php\/wp-json\/wp\/v2\/comments?post=62623"}],"version-history":[{"count":1,"href":"https:\/\/www.sincomam.org.br\/index.php\/wp-json\/wp\/v2\/posts\/62623\/revisions"}],"predecessor-version":[{"id":62624,"href":"https:\/\/www.sincomam.org.br\/index.php\/wp-json\/wp\/v2\/posts\/62623\/revisions\/62624"}],"wp:featuredmedia":[{"embeddable":true,"href":"https:\/\/www.sincomam.org.br\/index.php\/wp-json\/wp\/v2\/media\/61896"}],"wp:attachment":[{"href":"https:\/\/www.sincomam.org.br\/index.php\/wp-json\/wp\/v2\/media?parent=62623"}],"wp:term":[{"taxonomy":"category","embeddable":true,"href":"https:\/\/www.sincomam.org.br\/index.php\/wp-json\/wp\/v2\/categories?post=62623"},{"taxonomy":"post_tag","embeddable":true,"href":"https:\/\/www.sincomam.org.br\/index.php\/wp-json\/wp\/v2\/tags?post=62623"}],"curies":[{"name":"wp","href":"https:\/\/api.w.org\/{rel}","templated":true}]}}