{"id":62619,"date":"2025-12-02T11:12:07","date_gmt":"2025-12-02T14:12:07","guid":{"rendered":"https:\/\/www.sincomam.org.br\/?p=62619"},"modified":"2025-12-02T11:12:07","modified_gmt":"2025-12-02T14:12:07","slug":"dia-mundial-da-antartica-quatro-decadas-de-pesquisa-da-marinha-do-brasil-no-continente-branco","status":"publish","type":"post","link":"https:\/\/www.sincomam.org.br\/index.php\/dia-mundial-da-antartica-quatro-decadas-de-pesquisa-da-marinha-do-brasil-no-continente-branco\/","title":{"rendered":"Dia Mundial da Ant\u00e1rtica: quatro d\u00e9cadas de pesquisa da Marinha do Brasil no continente branco"},"content":{"rendered":"<p class=\"text-align-justify\">O Dia Mundial da Ant\u00e1rtica, comemorado nesta segunda-feira (1\u00ba), lembra a data de assinatura do Tratado da Ant\u00e1rtica, em 1959, documento reconhecido por mais de 50 na\u00e7\u00f5es e que vem garantindo, ao longo de todos esses anos, que a regi\u00e3o continue a receber o t\u00edtulo de continente da paz, voltado para o interesse cient\u00edfico e em favor do futuro da humanidade. O Brasil tem presen\u00e7a permanente no local, por meio da Esta\u00e7\u00e3o Ant\u00e1rtica Comandante Ferraz (EACF), da Marinha do Brasil (MB) \u2014 refer\u00eancia internacional em pesquisa e tecnologia.<\/p>\n<p class=\"text-align-justify\">Desde sua inaugura\u00e7\u00e3o, em 6 de fevereiro de 1984, a EAFC foi modernizada e ampliada, tornando-se um importante polo para pesquisas na regi\u00e3o mais fria da Terra. Situada na Ilha Rei George, na Ba\u00eda do Almirantado, a Esta\u00e7\u00e3o re\u00fane militares e pesquisadores que desenvolvem estudos cient\u00edficos, no \u00e2mbito do Programa Ant\u00e1rtico Brasileiro (PROANTAR), gerido pela MB. Suas instala\u00e7\u00f5es garantem condi\u00e7\u00f5es seguras para pesquisas em \u00e1reas como microbiologia, biotecnologia, meteorologia e vigil\u00e2ncia epidemiol\u00f3gica, as quais ajudam a explicar fen\u00f4menos clim\u00e1ticos com impacto direto no territ\u00f3rio brasileiro e em toda a humanidade.<\/p>\n<p class=\"text-align-justify\">O Chefe da Esta\u00e7\u00e3o Ant\u00e1rtica Comandante Ferraz (EACF), Capit\u00e3o de Fragata Felipe Cardoso de Ara\u00fajo, ressaltou a import\u00e2ncia da atua\u00e7\u00e3o brasileira no continente gelado.<\/p>\n<figure class=\"bg-light p-3 p-md-5 my-3 rounded\">\n<blockquote class=\"blockquote\"><p>\u201cA manuten\u00e7\u00e3o e a condu\u00e7\u00e3o da Esta\u00e7\u00e3o Ant\u00e1rtica Comandante Ferraz t\u00eam como objetivo principal o apoio \u00e0 pesquisa brasileira aqui na Ant\u00e1rtica, de sorte que os projetos cient\u00edficos n\u00e3o sofram solu\u00e7\u00e3o de continuidade. Isso porque a realiza\u00e7\u00e3o de pesquisas nesse continente \u00e9 a condi\u00e7\u00e3o indispens\u00e1vel para que o Pa\u00eds mantenha o seu status de membro consultivo do Tratado da Ant\u00e1rtica, possuindo, assim, voz ativa nos f\u00f3runs internacionais que deliberam sobre o futuro desta t\u00e3o importante \u00e1rea geogr\u00e1fica\u201d, explicou.<\/p><\/blockquote>\n<\/figure>\n<p class=\"text-align-justify\">Criado em 1982, o PROANTAR \u00e9 o mais longevo programa cient\u00edfico do Pa\u00eds e re\u00fane tanto pesquisadores civis quanto militares, promovendo pesquisas cient\u00edficas com o prop\u00f3sito de ampliar o entendimento de fen\u00f4menos que impactam o clima global e o territ\u00f3rio brasileiro.<\/p>\n<p class=\"text-align-justify\">A bi\u00f3loga Rebeca Graciela Matheus Liz\u00e1rraga, mestra e doutoranda em Microbiologia Marinha pelo Instituto Oceanogr\u00e1fico da Universidade de S\u00e3o Paulo (USP), \u00e9 uma das pesquisadoras que atuam na Esta\u00e7\u00e3o Ant\u00e1rtica Comandante Ferraz. Ela ressalta o papel fundamental do Programa para que o Pa\u00eds tenha protagonismo nos estudos sobre a regi\u00e3o e seus fen\u00f4menos naturais, que influenciam o clima e as condi\u00e7\u00f5es de vida, especialmente no Hemisf\u00e9rio Sul.<\/p>\n<figure class=\"bg-light p-3 p-md-5 my-3 rounded\">\n<blockquote class=\"blockquote\"><p>\u201cA pesquisa brasileira na Ant\u00e1rtica \u00e9 resultado de uma parceria de sucesso entre n\u00f3s, pesquisadores de diversas \u00e1reas, e a Marinha do Brasil, que oferece suporte para que o Pa\u00eds esteja presente aqui em um dos ambientes mais extremos do planeta\u201d, disse a pesquisadora.<\/p><\/blockquote>\n<\/figure>\n<h5 class=\"text-align-justify\">Continente dos superlativos<\/h5>\n<p class=\"text-align-justify\">A regi\u00e3o da Ant\u00e1rtica est\u00e1 congelada h\u00e1 mais de tr\u00eas milh\u00f5es de anos e tem um papel essencial nos sistemas naturais globais. O continente gelado \u00e9 o principal regulador t\u00e9rmico do planeta, controla as circula\u00e7\u00f5es atmosf\u00e9ricas e oce\u00e2nicas, influenciando o clima e as condi\u00e7\u00f5es de vida na Terra. Tamb\u00e9m \u00e9 detentor das maiores reservas de gelo (90%) e \u00e1gua doce (70%) do Planeta, al\u00e9m de possuir recursos minerais e energ\u00e9ticos incalcul\u00e1veis.<\/p>\n<p class=\"text-align-justify\">Conhecido como o continente dos superlativos: o mais alto, o mais ventoso, o mais frio, o mais seco e o mais in\u00f3spito, a Ant\u00e1rtica tem cerca de 14 milh\u00f5es de km2 &#8211; o que equivale \u00e0 \u00e1rea correspondente aos territ\u00f3rios do Brasil, Argentina, Uruguai, Chile, Peru e Bol\u00edvia, ou \u00e0s terras cont\u00edguas dos EUA e M\u00e9xico.<\/p>\n<p>Fonte: Ag\u00eancia Marinha de Not\u00edcias<\/p>\n","protected":false},"excerpt":{"rendered":"<p>O Dia Mundial da Ant\u00e1rtica, comemorado nesta segunda-feira (1\u00ba), lembra a data de assinatura do Tratado da Ant\u00e1rtica, em 1959, documento reconhecido por mais de&#8230;<\/p>\n","protected":false},"author":1527,"featured_media":62620,"comment_status":"closed","ping_status":"closed","sticky":false,"template":"","format":"standard","meta":{"footnotes":""},"categories":[6],"tags":[],"class_list":["post-62619","post","type-post","status-publish","format-standard","has-post-thumbnail","hentry","category-noticias"],"_links":{"self":[{"href":"https:\/\/www.sincomam.org.br\/index.php\/wp-json\/wp\/v2\/posts\/62619","targetHints":{"allow":["GET"]}}],"collection":[{"href":"https:\/\/www.sincomam.org.br\/index.php\/wp-json\/wp\/v2\/posts"}],"about":[{"href":"https:\/\/www.sincomam.org.br\/index.php\/wp-json\/wp\/v2\/types\/post"}],"author":[{"embeddable":true,"href":"https:\/\/www.sincomam.org.br\/index.php\/wp-json\/wp\/v2\/users\/1527"}],"replies":[{"embeddable":true,"href":"https:\/\/www.sincomam.org.br\/index.php\/wp-json\/wp\/v2\/comments?post=62619"}],"version-history":[{"count":1,"href":"https:\/\/www.sincomam.org.br\/index.php\/wp-json\/wp\/v2\/posts\/62619\/revisions"}],"predecessor-version":[{"id":62621,"href":"https:\/\/www.sincomam.org.br\/index.php\/wp-json\/wp\/v2\/posts\/62619\/revisions\/62621"}],"wp:featuredmedia":[{"embeddable":true,"href":"https:\/\/www.sincomam.org.br\/index.php\/wp-json\/wp\/v2\/media\/62620"}],"wp:attachment":[{"href":"https:\/\/www.sincomam.org.br\/index.php\/wp-json\/wp\/v2\/media?parent=62619"}],"wp:term":[{"taxonomy":"category","embeddable":true,"href":"https:\/\/www.sincomam.org.br\/index.php\/wp-json\/wp\/v2\/categories?post=62619"},{"taxonomy":"post_tag","embeddable":true,"href":"https:\/\/www.sincomam.org.br\/index.php\/wp-json\/wp\/v2\/tags?post=62619"}],"curies":[{"name":"wp","href":"https:\/\/api.w.org\/{rel}","templated":true}]}}