{"id":62586,"date":"2025-12-01T08:14:31","date_gmt":"2025-12-01T11:14:31","guid":{"rendered":"https:\/\/www.sincomam.org.br\/?p=62586"},"modified":"2025-12-01T08:24:38","modified_gmt":"2025-12-01T11:24:38","slug":"marinha-acelera-programa-nuclear-e-eleva-peso-estrategico-do-brasil","status":"publish","type":"post","link":"https:\/\/www.sincomam.org.br\/index.php\/marinha-acelera-programa-nuclear-e-eleva-peso-estrategico-do-brasil\/","title":{"rendered":"Marinha acelera programa nuclear e eleva peso estrat\u00e9gico do Brasil"},"content":{"rendered":"<p data-start=\"334\" data-end=\"814\">Quando a Marinha do Brasil iniciou, ainda nos anos 1970, seu programa nuclear pr\u00f3prio, poucos imaginavam que o pa\u00eds chegaria t\u00e3o perto de integrar o seleto grupo de na\u00e7\u00f5es capazes de operar um\u00a0submarino de propuls\u00e3o nuclear. Hoje, com o avan\u00e7o do projeto\u00a0\u00c1lvaro Alberto, o pa\u00eds acelera um esfor\u00e7o t\u00e9cnico e estrat\u00e9gico que promete elevar o peso do Brasil no cen\u00e1rio internacional e fortalecer a prote\u00e7\u00e3o da\u00a0Amaz\u00f4nia Azul, um dos maiores ativos mar\u00edtimos do hemisf\u00e9rio.<\/p>\n<h2 data-start=\"844\" data-end=\"934\"><strong data-start=\"847\" data-end=\"934\">Ciclo do combust\u00edvel, PROSUB, reator e capacidade industrial<\/strong><\/h2>\n<p>O avan\u00e7o brasileiro rumo ao submarino nuclear \u00e9 sustentado por d\u00e9cadas de investimento no\u00a0dom\u00ednio do ciclo do combust\u00edvel, objetivo central do Programa Nuclear da Marinha desde seus primeiros passos, no fim dos anos 1970. A cria\u00e7\u00e3o do\u00a0<em data-start=\"1175\" data-end=\"1225\">Laborat\u00f3rio de Gera\u00e7\u00e3o N\u00facleo-El\u00e9trica (LABGENE)<\/em>\u00a0marcou uma etapa decisiva: testar em terra o\u00a0reator naval brasileiro, passo indispens\u00e1vel para assegurar a opera\u00e7\u00e3o segura do futuro \u00c1lvaro Alberto.<\/p>\n<p data-start=\"1380\" data-end=\"1847\">A partir de 2008, o\u00a0PROSUB, parceria estrat\u00e9gica com a Fran\u00e7a, expandiu exponencialmente a capacidade industrial do pa\u00eds. Foram constru\u00eddos\u00a0estaleiros, diques secos e centros de constru\u00e7\u00e3o de submarinos\u00a0em Itagua\u00ed (RJ), consolidando uma estrutura in\u00e9dita na Am\u00e9rica do Sul. Al\u00e9m disso, engenheiros e t\u00e9cnicos brasileiros foram treinados na Europa, absorvendo conhecimento para constru\u00e7\u00e3o de cascos, integra\u00e7\u00e3o de sistemas e m\u00e9todos modernos de produ\u00e7\u00e3o naval.<\/p>\n<p data-start=\"1849\" data-end=\"2328\">Os submarinos da classe\u00a0Riachuelo (S40\u2013S43)\u00a0serviram como escola tecnol\u00f3gica: dominada a constru\u00e7\u00e3o de uma classe convencional avan\u00e7ada, a Marinha avan\u00e7ou para o desafio superior \u2014\u00a0integrar um reator nuclear ao casco de um submarino, mantendo seguran\u00e7a, confiabilidade, propuls\u00e3o silenciosa e autonomia estendida.<br data-start=\"2170\" data-end=\"2173\" \/>Essa etapa, hoje em matura\u00e7\u00e3o, representa o ponto mais sens\u00edvel do programa e o divisor de \u00e1guas entre aspirar e, de fato,\u00a0<strong data-start=\"2296\" data-end=\"2327\">operar um submarino nuclear<\/strong>.<\/p>\n<h2 data-start=\"2335\" data-end=\"2415\"><strong data-start=\"2338\" data-end=\"2415\">Impacto no Atl\u00e2ntico Sul e equil\u00edbrio regional<\/strong><\/h2>\n<p data-start=\"2417\" data-end=\"2741\">O submarino nuclear brasileiro \u00e9 mais que um salto tecnol\u00f3gico: trata-se de uma transforma\u00e7\u00e3o profunda na posi\u00e7\u00e3o do pa\u00eds no\u00a0equil\u00edbrio naval da Am\u00e9rica do Sul. Atualmente, nenhuma na\u00e7\u00e3o latino-americana opera um meio de propuls\u00e3o nuclear \u2014 algo reservado a poucos pa\u00edses no mundo, todos com papel geopol\u00edtico relevante.<\/p>\n<p data-start=\"2743\" data-end=\"2808\">Para o Atl\u00e2ntico Sul, o impacto \u00e9 imediato. Com o \u00c1lvaro Alberto:<\/p>\n<ul data-start=\"2810\" data-end=\"3129\">\n<li data-start=\"2810\" data-end=\"2857\">\n<p data-start=\"2812\" data-end=\"2857\">o\u00a0Brasil\u00a0amplia seu\u00a0<strong data-start=\"2832\" data-end=\"2854\">poder de dissuas\u00e3o<\/strong>;<\/p>\n<\/li>\n<li data-start=\"2858\" data-end=\"2963\">\n<p data-start=\"2860\" data-end=\"2963\">fortalece a prote\u00e7\u00e3o da\u00a0<strong data-start=\"2884\" data-end=\"2901\">Amaz\u00f4nia Azul<\/strong>, \u00e1rea rica em petr\u00f3leo, g\u00e1s, biodiversidade e rotas vitais;<\/p>\n<\/li>\n<li data-start=\"2964\" data-end=\"3038\">\n<p data-start=\"2966\" data-end=\"3038\">aumenta a capacidade de monitoramento e perman\u00eancia prolongada no mar;<\/p>\n<\/li>\n<li data-start=\"3039\" data-end=\"3129\">\n<p data-start=\"3041\" data-end=\"3129\">envia sinal claro de\u00a0<strong data-start=\"3062\" data-end=\"3087\">autonomia estrat\u00e9gica<\/strong>\u00a0em um ambiente cada vez mais competitivo.<\/p>\n<\/li>\n<\/ul>\n<p data-start=\"3131\" data-end=\"3521\">Em termos regionais, o avan\u00e7o reposiciona o Brasil como a principal pot\u00eancia naval do Cone Sul, superando \u2014 em alcance e autonomia \u2014 capacidades tradicionais de Chile, Argentina, Col\u00f4mbia e Peru. No cen\u00e1rio internacional, \u201cingressar no clube do submarino nuclear\u201d refor\u00e7a o peso pol\u00edtico do pa\u00eds em f\u00f3runs multilaterais, acordos de salvaguardas e discuss\u00f5es sobre seguran\u00e7a mar\u00edtima global.<\/p>\n<h2 data-start=\"3528\" data-end=\"3605\"><strong data-start=\"3531\" data-end=\"3605\">50 anos de programa nuclear naval<\/strong><\/h2>\n<p data-start=\"3607\" data-end=\"3987\">O \u00c1lvaro Alberto n\u00e3o \u00e9 um projeto isolado \u2014 ele \u00e9 o \u00e1pice de uma trajet\u00f3ria de\u00a0cinco d\u00e9cadas\u00a0de pesquisa, forma\u00e7\u00e3o e perseveran\u00e7a institucional.<br data-start=\"3755\" data-end=\"3758\" \/>Desde os anos 1970, o Programa Nuclear da Marinha apostou na constru\u00e7\u00e3o de conhecimento nacional, formando engenheiros, f\u00edsicos e especialistas capazes de sustentar o ciclo completo do combust\u00edvel, algo que poucos pa\u00edses dominam.<\/p>\n<p data-start=\"3989\" data-end=\"4033\">Durante esse percurso, o Brasil investiu em:<\/p>\n<ul data-start=\"4035\" data-end=\"4279\">\n<li data-start=\"4035\" data-end=\"4067\">\n<p data-start=\"4037\" data-end=\"4067\">centros de pesquisa nuclear;<\/p>\n<\/li>\n<li data-start=\"4068\" data-end=\"4101\">\n<p data-start=\"4070\" data-end=\"4101\">f\u00e1bricas de ultracentr\u00edfugas;<\/p>\n<\/li>\n<li data-start=\"4102\" data-end=\"4136\">\n<p data-start=\"4104\" data-end=\"4136\">tecnologias de enriquecimento;<\/p>\n<\/li>\n<li data-start=\"4137\" data-end=\"4183\">\n<p data-start=\"4139\" data-end=\"4183\">sistemas de seguran\u00e7a e conten\u00e7\u00e3o nuclear;<\/p>\n<\/li>\n<li data-start=\"4184\" data-end=\"4230\">\n<p data-start=\"4186\" data-end=\"4230\">infraestrutura naval de alta complexidade;<\/p>\n<\/li>\n<li data-start=\"4231\" data-end=\"4279\">\n<p data-start=\"4233\" data-end=\"4279\">uma cadeia industrial robusta e nacionalizada.<\/p>\n<\/li>\n<\/ul>\n<p data-start=\"4281\" data-end=\"4638\">Mesmo enfrentando altern\u00e2ncia de governos, restri\u00e7\u00f5es or\u00e7ament\u00e1rias e desafios diplom\u00e1ticos, o programa\u00a0<strong data-start=\"4385\" data-end=\"4409\">sobreviveu e avan\u00e7ou<\/strong>, consolidando-se como pol\u00edtica de Estado.<br data-start=\"4451\" data-end=\"4454\" \/>Hoje, seu legado transcende o submarino nuclear: gera empregos qualificados, impulsiona setores industriais de ponta e projeta o Brasil como refer\u00eancia em dom\u00ednio tecnol\u00f3gico sens\u00edvel.<\/p>\n<p data-start=\"4640\" data-end=\"4800\">O\u00a0\u201c\u00c1lvaro Alberto\u201d\u00a0ser\u00e1 o primeiro submarino nuclear da Am\u00e9rica Latina \u2014 e, quando operacional, representar\u00e1 a maior conquista naval da hist\u00f3ria brasileira.<\/p>\n<div class=\"code-block code-block-2\">Fonte: Defesa em Foco<\/div>\n","protected":false},"excerpt":{"rendered":"<p>Quando a Marinha do Brasil iniciou, ainda nos anos 1970, seu programa nuclear pr\u00f3prio, poucos imaginavam que o pa\u00eds chegaria t\u00e3o perto de integrar o&#8230;<\/p>\n","protected":false},"author":1527,"featured_media":62598,"comment_status":"closed","ping_status":"closed","sticky":false,"template":"","format":"standard","meta":{"footnotes":""},"categories":[6],"tags":[],"class_list":["post-62586","post","type-post","status-publish","format-standard","has-post-thumbnail","hentry","category-noticias"],"_links":{"self":[{"href":"https:\/\/www.sincomam.org.br\/index.php\/wp-json\/wp\/v2\/posts\/62586","targetHints":{"allow":["GET"]}}],"collection":[{"href":"https:\/\/www.sincomam.org.br\/index.php\/wp-json\/wp\/v2\/posts"}],"about":[{"href":"https:\/\/www.sincomam.org.br\/index.php\/wp-json\/wp\/v2\/types\/post"}],"author":[{"embeddable":true,"href":"https:\/\/www.sincomam.org.br\/index.php\/wp-json\/wp\/v2\/users\/1527"}],"replies":[{"embeddable":true,"href":"https:\/\/www.sincomam.org.br\/index.php\/wp-json\/wp\/v2\/comments?post=62586"}],"version-history":[{"count":1,"href":"https:\/\/www.sincomam.org.br\/index.php\/wp-json\/wp\/v2\/posts\/62586\/revisions"}],"predecessor-version":[{"id":62588,"href":"https:\/\/www.sincomam.org.br\/index.php\/wp-json\/wp\/v2\/posts\/62586\/revisions\/62588"}],"wp:featuredmedia":[{"embeddable":true,"href":"https:\/\/www.sincomam.org.br\/index.php\/wp-json\/wp\/v2\/media\/62598"}],"wp:attachment":[{"href":"https:\/\/www.sincomam.org.br\/index.php\/wp-json\/wp\/v2\/media?parent=62586"}],"wp:term":[{"taxonomy":"category","embeddable":true,"href":"https:\/\/www.sincomam.org.br\/index.php\/wp-json\/wp\/v2\/categories?post=62586"},{"taxonomy":"post_tag","embeddable":true,"href":"https:\/\/www.sincomam.org.br\/index.php\/wp-json\/wp\/v2\/tags?post=62586"}],"curies":[{"name":"wp","href":"https:\/\/api.w.org\/{rel}","templated":true}]}}