{"id":62583,"date":"2025-12-01T08:11:34","date_gmt":"2025-12-01T11:11:34","guid":{"rendered":"https:\/\/www.sincomam.org.br\/?p=62583"},"modified":"2025-12-01T08:11:34","modified_gmt":"2025-12-01T11:11:34","slug":"brasil-e-reeleito-para-o-conselho-da-organizacao-maritima-internacional","status":"publish","type":"post","link":"https:\/\/www.sincomam.org.br\/index.php\/brasil-e-reeleito-para-o-conselho-da-organizacao-maritima-internacional\/","title":{"rendered":"Brasil \u00e9 reeleito para o Conselho da Organiza\u00e7\u00e3o Mar\u00edtima Internacional"},"content":{"rendered":"<p class=\"text-align-justify\">O Brasil foi reeleito para o Conselho da Organiza\u00e7\u00e3o Mar\u00edtima Internacional (IMO), \u00f3rg\u00e3o executivo da IMO e respons\u00e1vel pela supervis\u00e3o do trabalho da Organiza\u00e7\u00e3o. A escolha do Pa\u00eds para o bi\u00eanio 2026-2027 aconteceu durante a 34\u00aa sess\u00e3o da Assembleia da IMO, em Londres, no Reino Unido. A categoria para a qual o Brasil foi al\u00e7ado \u00e9 a \u201cB\u201d, que representa os Estados com maior interesse no com\u00e9rcio mar\u00edtimo internacional.<\/p>\n<figure><\/figure>\n<p class=\"text-align-justify\">A IMO \u00e9 uma ag\u00eancia especializada das Na\u00e7\u00f5es Unidas, encarregada de regulamentar o transporte mar\u00edtimo internacional, de modo seguro, eficiente e ambientalmente sustent\u00e1vel, por meio da coopera\u00e7\u00e3o entre seus 176 estados-membros, 67 organiza\u00e7\u00f5es intergovernamentais e 88 organiza\u00e7\u00f5es n\u00e3o governamentais. O Brasil \u00e9 membro da institui\u00e7\u00e3o desde 1963 e, desde 1967, integra o Conselho da IMO.<\/p>\n<figure><\/figure>\n<p class=\"text-align-justify\">Com mais de 95% de suas trocas comerciais movimentadas por via mar\u00edtima, o Pa\u00eds atribui grande import\u00e2ncia aos trabalhos da IMO. Entre os temas objeto de negocia\u00e7\u00f5es na Organiza\u00e7\u00e3o encontram-se a transi\u00e7\u00e3o energ\u00e9tica no setor mar\u00edtimo, a seguran\u00e7a cibern\u00e9tica e o emprego de navios aut\u00f4nomos na navega\u00e7\u00e3o comercial.<\/p>\n<figure><\/figure>\n<p>Fonte: Ag\u00eancia Marinha de Not\u00edcias<\/p>\n","protected":false},"excerpt":{"rendered":"<p>O Brasil foi reeleito para o Conselho da Organiza\u00e7\u00e3o Mar\u00edtima Internacional (IMO), \u00f3rg\u00e3o executivo da IMO e respons\u00e1vel pela supervis\u00e3o do trabalho da Organiza\u00e7\u00e3o. A&#8230;<\/p>\n","protected":false},"author":1527,"featured_media":62584,"comment_status":"closed","ping_status":"closed","sticky":false,"template":"","format":"standard","meta":{"footnotes":""},"categories":[6],"tags":[],"class_list":["post-62583","post","type-post","status-publish","format-standard","has-post-thumbnail","hentry","category-noticias"],"_links":{"self":[{"href":"https:\/\/www.sincomam.org.br\/index.php\/wp-json\/wp\/v2\/posts\/62583","targetHints":{"allow":["GET"]}}],"collection":[{"href":"https:\/\/www.sincomam.org.br\/index.php\/wp-json\/wp\/v2\/posts"}],"about":[{"href":"https:\/\/www.sincomam.org.br\/index.php\/wp-json\/wp\/v2\/types\/post"}],"author":[{"embeddable":true,"href":"https:\/\/www.sincomam.org.br\/index.php\/wp-json\/wp\/v2\/users\/1527"}],"replies":[{"embeddable":true,"href":"https:\/\/www.sincomam.org.br\/index.php\/wp-json\/wp\/v2\/comments?post=62583"}],"version-history":[{"count":1,"href":"https:\/\/www.sincomam.org.br\/index.php\/wp-json\/wp\/v2\/posts\/62583\/revisions"}],"predecessor-version":[{"id":62585,"href":"https:\/\/www.sincomam.org.br\/index.php\/wp-json\/wp\/v2\/posts\/62583\/revisions\/62585"}],"wp:featuredmedia":[{"embeddable":true,"href":"https:\/\/www.sincomam.org.br\/index.php\/wp-json\/wp\/v2\/media\/62584"}],"wp:attachment":[{"href":"https:\/\/www.sincomam.org.br\/index.php\/wp-json\/wp\/v2\/media?parent=62583"}],"wp:term":[{"taxonomy":"category","embeddable":true,"href":"https:\/\/www.sincomam.org.br\/index.php\/wp-json\/wp\/v2\/categories?post=62583"},{"taxonomy":"post_tag","embeddable":true,"href":"https:\/\/www.sincomam.org.br\/index.php\/wp-json\/wp\/v2\/tags?post=62583"}],"curies":[{"name":"wp","href":"https:\/\/api.w.org\/{rel}","templated":true}]}}