{"id":62580,"date":"2025-12-01T07:24:10","date_gmt":"2025-12-01T10:24:10","guid":{"rendered":"https:\/\/www.sincomam.org.br\/?p=62580"},"modified":"2025-12-01T07:24:10","modified_gmt":"2025-12-01T10:24:10","slug":"amazul-fortalece-lacos-com-decti-em-agenda-sobre-inovacao-e-soberania-nacional","status":"publish","type":"post","link":"https:\/\/www.sincomam.org.br\/index.php\/amazul-fortalece-lacos-com-decti-em-agenda-sobre-inovacao-e-soberania-nacional\/","title":{"rendered":"AMAZUL fortalece la\u00e7os com DECTI em agenda sobre inova\u00e7\u00e3o e soberania nacional"},"content":{"rendered":"<p>A manh\u00e3 desta ter\u00e7a-feira marcou um passo estrat\u00e9gico para a\u00a0AMAZUL: a empresa recebeu a comitiva do\u00a0Departamento de Ci\u00eancia, Tecnologia e Inova\u00e7\u00e3o (DECTI)\u00a0do\u00a0Minist\u00e9rio da Defesa\u00a0para uma agenda dedicada ao fortalecimento da coopera\u00e7\u00e3o em \u00e1reas sens\u00edveis da Defesa e do setor nuclear. O encontro destacou o alinhamento entre as institui\u00e7\u00f5es e evidenciou como a inova\u00e7\u00e3o tecnol\u00f3gica se tornou um pilar essencial para a soberania nacional.<\/p>\n<h2>Coopera\u00e7\u00e3o Nuclear e Avan\u00e7os em PD&amp;I<\/h2>\n<p>A visita do DECTI ampliou as oportunidades de colabora\u00e7\u00e3o em \u00e1reas cr\u00edticas para os programas estrat\u00e9gicos brasileiros, especialmente no\u00a0Programa Nuclear Brasileiro (PNB), no\u00a0Programa Nuclear da Marinha (PNM)\u00a0e no\u00a0Programa de Desenvolvimento de Submarinos (PROSUB).<\/p>\n<p>Durante as apresenta\u00e7\u00f5es, a\u00a0AMAZUL\u00a0refor\u00e7ou sua atua\u00e7\u00e3o em engenharia de alta complexidade, integra\u00e7\u00e3o de sistemas e desenvolvimento de solu\u00e7\u00f5es que sustentam projetos de longa dura\u00e7\u00e3o e elevado rigor t\u00e9cnico.<\/p>\n<p>O\u00a0N\u00facleo de Inova\u00e7\u00e3o Tecnol\u00f3gica (NIT), conduzido por Rafael Faraone Rando, destacou os avan\u00e7os da empresa em\u00a0Pesquisa, Desenvolvimento e Inova\u00e7\u00e3o (PD&amp;I), com \u00eanfase em propriedade intelectual, transfer\u00eancia de tecnologia e desenvolvimento institucional. O NIT tamb\u00e9m apresentou novas oportunidades de coopera\u00e7\u00e3o com outras Institui\u00e7\u00f5es Cient\u00edficas e Tecnol\u00f3gicas (ICTs) vinculadas ao\u00a0Minist\u00e9rio da Defesa, refor\u00e7ando a import\u00e2ncia de ambientes integrados de inova\u00e7\u00e3o.<\/p>\n<p>Outro ponto de destaque foi a demonstra\u00e7\u00e3o da metodologia de\u00a0Gest\u00e3o do Conhecimento, apresentada por Tom\u00e9 Machado, que j\u00e1 recebeu reconhecimento nacional. A abordagem, baseada em pr\u00e1ticas sistematizadas de captura, an\u00e1lise e dissemina\u00e7\u00e3o do saber t\u00e9cnico, mostrou-se aplic\u00e1vel a contratos de transfer\u00eancia de tecnologia, podendo ser replicada em outras organiza\u00e7\u00f5es do setor Defesa.<\/p>\n<h2>Impactos Institucionais e Forma\u00e7\u00e3o de Compet\u00eancias<\/h2>\n<p>Al\u00e9m das dimens\u00f5es t\u00e9cnicas, o di\u00e1logo com o DECTI ressaltou os impactos institucionais da parceria. A AMAZUL refor\u00e7ou seu papel como polo de forma\u00e7\u00e3o de especialistas em \u00e1reas estrat\u00e9gicas, contribuindo para a reten\u00e7\u00e3o de conhecimento cr\u00edtico em setores sens\u00edveis da Defesa.<\/p>\n<p>A aproxima\u00e7\u00e3o abre espa\u00e7o para novos programas de capacita\u00e7\u00e3o, interc\u00e2mbio entre equipes t\u00e9cnicas e integra\u00e7\u00e3o com outras ICTs, fortalecendo a cultura organizacional orientada \u00e0 inova\u00e7\u00e3o. A constru\u00e7\u00e3o de compet\u00eancias humanas de longo prazo foi ressaltada pelo Diretor-Presidente Newton Costa, que apontou a necessidade crescente de profissionais altamente qualificados para sustentar o ciclo de vida dos programas nucleares e navais brasileiros.<\/p>\n<p>Essa articula\u00e7\u00e3o institucional fortalece a consolida\u00e7\u00e3o de uma comunidade de especialistas capaz de conduzir projetos complexos com vis\u00e3o de Estado \u2014 algo fundamental para que o pa\u00eds reduza depend\u00eancias externas e amplie sua autonomia tecnol\u00f3gica.<\/p>\n<h2>Integra\u00e7\u00e3o Estrat\u00e9gica para a Soberania Nacional<\/h2>\n<p>A visita do DECTI \u00e0 AMAZUL refor\u00e7ou n\u00e3o apenas parcerias t\u00e9cnicas, mas tamb\u00e9m a import\u00e2ncia da converg\u00eancia entre institui\u00e7\u00f5es estrat\u00e9gicas para o fortalecimento da soberania nacional.<\/p>\n<p>Ao integrar atores que atuam em \u00e1reas como tecnologia nuclear, inova\u00e7\u00e3o dual e engenharia militar, o Minist\u00e9rio da Defesa sinaliza uma pol\u00edtica clara de valoriza\u00e7\u00e3o da capacidade cient\u00edfica e do dom\u00ednio tecnol\u00f3gico aut\u00f4nomo.<\/p>\n<p>Para o Contra-Almirante Charles Wilson Gomes Conti, Diretor do DECTI, a miss\u00e3o tamb\u00e9m teve o objetivo de ampliar o entendimento sobre as compet\u00eancias da AMAZUL e identificar pontos de sinergia para projetos futuros dentro da Secretaria de Produtos de Defesa (SEPROD).<\/p>\n<p>A iniciativa refor\u00e7a o compromisso estatal com a constru\u00e7\u00e3o de capacidades permanentes, capazes de sustentar programas estrat\u00e9gicos que impactam diretamente a proje\u00e7\u00e3o do\u00a0Brasil\u00a0no cen\u00e1rio internacional.<\/p>\n<p>No balan\u00e7o final da visita, ficou evidente que a integra\u00e7\u00e3o entre AMAZUL e DECTI representa um passo decisivo rumo a um ecossistema de inova\u00e7\u00e3o mais s\u00f3lido, preparado para atender \u00e0s demandas de Defesa e avan\u00e7ar na constru\u00e7\u00e3o de um pa\u00eds mais seguro e tecnologicamente soberano.<\/p>\n<div class=\"code-block code-block-2\"><\/div>\n<div>Fonte: Defesa em Foco<\/div>\n","protected":false},"excerpt":{"rendered":"<p>A manh\u00e3 desta ter\u00e7a-feira marcou um passo estrat\u00e9gico para a\u00a0AMAZUL: a empresa recebeu a comitiva do\u00a0Departamento de Ci\u00eancia, Tecnologia e Inova\u00e7\u00e3o (DECTI)\u00a0do\u00a0Minist\u00e9rio da Defesa\u00a0para uma&#8230;<\/p>\n","protected":false},"author":1527,"featured_media":62581,"comment_status":"closed","ping_status":"closed","sticky":false,"template":"","format":"standard","meta":{"footnotes":""},"categories":[6],"tags":[],"class_list":["post-62580","post","type-post","status-publish","format-standard","has-post-thumbnail","hentry","category-noticias"],"_links":{"self":[{"href":"https:\/\/www.sincomam.org.br\/index.php\/wp-json\/wp\/v2\/posts\/62580","targetHints":{"allow":["GET"]}}],"collection":[{"href":"https:\/\/www.sincomam.org.br\/index.php\/wp-json\/wp\/v2\/posts"}],"about":[{"href":"https:\/\/www.sincomam.org.br\/index.php\/wp-json\/wp\/v2\/types\/post"}],"author":[{"embeddable":true,"href":"https:\/\/www.sincomam.org.br\/index.php\/wp-json\/wp\/v2\/users\/1527"}],"replies":[{"embeddable":true,"href":"https:\/\/www.sincomam.org.br\/index.php\/wp-json\/wp\/v2\/comments?post=62580"}],"version-history":[{"count":1,"href":"https:\/\/www.sincomam.org.br\/index.php\/wp-json\/wp\/v2\/posts\/62580\/revisions"}],"predecessor-version":[{"id":62582,"href":"https:\/\/www.sincomam.org.br\/index.php\/wp-json\/wp\/v2\/posts\/62580\/revisions\/62582"}],"wp:featuredmedia":[{"embeddable":true,"href":"https:\/\/www.sincomam.org.br\/index.php\/wp-json\/wp\/v2\/media\/62581"}],"wp:attachment":[{"href":"https:\/\/www.sincomam.org.br\/index.php\/wp-json\/wp\/v2\/media?parent=62580"}],"wp:term":[{"taxonomy":"category","embeddable":true,"href":"https:\/\/www.sincomam.org.br\/index.php\/wp-json\/wp\/v2\/categories?post=62580"},{"taxonomy":"post_tag","embeddable":true,"href":"https:\/\/www.sincomam.org.br\/index.php\/wp-json\/wp\/v2\/tags?post=62580"}],"curies":[{"name":"wp","href":"https:\/\/api.w.org\/{rel}","templated":true}]}}