{"id":62572,"date":"2025-11-28T12:46:23","date_gmt":"2025-11-28T15:46:23","guid":{"rendered":"https:\/\/www.sincomam.org.br\/?p=62572"},"modified":"2025-11-28T12:46:23","modified_gmt":"2025-11-28T15:46:23","slug":"brasil-cria-85-mil-empregos-com-carteira-assinada-em-outubro","status":"publish","type":"post","link":"https:\/\/www.sincomam.org.br\/index.php\/brasil-cria-85-mil-empregos-com-carteira-assinada-em-outubro\/","title":{"rendered":"Brasil cria 85 mil empregos com carteira assinada em outubro"},"content":{"rendered":"<p>O Brasil fechou o m\u00eas de outubro com saldo positivo de 85.147 empregos com carteira assinada.\u00a0O balan\u00e7o \u00e9 do Novo Cadastro Geral de Empregados e Desempregados (Novo Caged) divulgado nesta quinta-feira (27) pelo Minist\u00e9rio do Trabalho e Emprego (MTE).\u00a0<img decoding=\"async\" src=\"https:\/\/agenciabrasil.ebc.com.br\/ebc.png?id=1669901&amp;o=node\" \/><img decoding=\"async\" src=\"https:\/\/agenciabrasil.ebc.com.br\/ebc.gif?id=1669901&amp;o=node\" \/><\/p>\n<p>O resultado de outubro decorreu de 2.271.460 admiss\u00f5es e de 2.186.313 desligamentos no per\u00edodo.<\/p>\n<p>O saldo de empregos formais no m\u00eas passado foi menor que o\u00a0registrado em setembro, que ficou em 213.002. Em outubro de 2024, o saldo de empregos formais foi de 131.603, segundo o Caged.<\/p>\n<p>No acumulado dos \u00faltimos 12 meses (novembro de 2024 a outubro de 2025) o saldo chega a 1.351.832, menor que o saldo observado no per\u00edodo de novembro de 2023 a outubro de 2024, quando foram gerados 1.796.543 postos de trabalho.<\/p>\n<p>Com o resultado o estoque de empregos, no pa\u00eds chega a 48.995.950 v\u00ednculos celetistas.<\/p>\n<h2>Setores<\/h2>\n<p><strong>Dois dos cinco grandes agrupamentos apresentaram resultado positivo<\/strong>, os demais ficaram praticamente em estabilidade.<\/p>\n<p>O setor de servi\u00e7os fechou o m\u00eas com 82.436 e o com\u00e9rcio com 25.592. A ind\u00fastria ficou com decr\u00e9scimo de 10.092 (-0,1%); a constru\u00e7\u00e3o civil ficou com decr\u00e9scimo de 2.875 (-0,1%) e a agropecu\u00e1ria registrou saldo negativo de 9.917 vagas (-0,5%).<\/p>\n<h2>Estados<\/h2>\n<p><strong>No m\u00eas passado foi registrado saldo positivo em 21 dos 27 estados da federa\u00e7\u00e3o.\u00a0<\/strong>Em n\u00fameros absolutos, o destaque ficou com S\u00e3o Paulo, com 18.456; o Distrito Federal, com 15.467 e Pernambuco, com 10.596<\/p>\n<p>Proporcionalmente, o destaque tamb\u00e9m ficou para o Distrito Federal que cresceu 1,5%, Alagoas, com 1% e Amap\u00e1, com 0,7%. Do total de postos gerados no m\u00eas, 67,7% foram considerados t\u00edpicos e 32,3% n\u00e3o t\u00edpicos, com destaque para trabalhadores com jornada de trabalho intermitente que somaram 15.056 e trabalhadores com jornada de 30 horas ou menos, que ficaram com 10.693 vagas.<\/p>\n<h2>Sal\u00e1rio<\/h2>\n<p><strong>O sal\u00e1rio m\u00e9dio real de admiss\u00e3o em outubro foi de R$ 2.304,31, um aumento de R$17,28 (0,8%) em compara\u00e7\u00e3o com o valor de setembro que foi de R$ 2.287,02.<\/strong><\/p>\n<blockquote><p>\u201cPara os trabalhadores considerados t\u00edpicos o sal\u00e1rio real de admiss\u00e3o foi de R$ 2.348,20 (1,9% mais elevado que o valor m\u00e9dio), enquanto para os trabalhadores n\u00e3o t\u00edpicos foi de R$ 1.974,07 (14,3% menor que o valor m\u00e9dio)\u201d, informou o minist\u00e9rio.<\/p><\/blockquote>\n<p>As mulheres conquistaram a maioria das vagas, com 65.913. J\u00e1 os homens somaram 19.234 novos empregos. Elas apresentaram maior n\u00famero de contratos nos setores de servi\u00e7os (52.003, ante 30.433 dos homens).<\/p>\n<p>J\u00e1 os jovens de 18 a 24 anos representaram 80.365 das contrata\u00e7\u00f5es e os adolescentes at\u00e9 17 anos 23.586. Esses dois grupos foram mais contratados no setor de Servi\u00e7o, com 54.528 vagas; Com\u00e9rcio, com 32.203 e na Ind\u00fastria de Transforma\u00e7\u00e3o, com 10.051.<\/p>\n<h2>Queda nos empregos<\/h2>\n<p><strong>O ministro do Trabalho e Emprego, Luiz Marinho, creditou a queda no n\u00famero de vagas \u00e0 pol\u00edtica de juros do Banco Central<\/strong>, que manteve a taxa de juros b\u00e1sica da economia, a Selic. A taxa, que estava em 10,5% ao ano at\u00e9 setembro do ano passado, foi elevada para 15% ao ano.<\/p>\n<blockquote><p>\u201cVenho chamando aten\u00e7\u00e3o desde maio ou junho da necessidade de o Banco Central, que tem a necessidade de monitoramento e as decis\u00f5es de aumento, manuten\u00e7\u00e3o ou decr\u00e9scimo da taxa Selic, olhar com aten\u00e7\u00e3o, pois a economia entraria num processo de desacelera\u00e7\u00e3o. O problema \u00e9 que se voc\u00ea vai desacelerando, uma hora o carro vai parar\u201d, pontuou.<\/p><\/blockquote>\n<p>Segundo ele, \u00e9 momento de o Banco Central tomar medidas em rela\u00e7\u00e3o ao monitoramento das taxas de juros.<\/p>\n<blockquote><p>\u201cH\u00e1 um grande entendimento de que isso est\u00e1 inibindo o ritmo dos investimentos. Tem investimentos comprometidos por parte das empresas que desaceleram por conta dos juros. \u00c9 hora mais que urgente o Banco Central ter a sensibilidade de entender ser necess\u00e1rio esse processo [de diminui\u00e7\u00e3o dos juros]\u201d, acrescentou.<\/p><\/blockquote>\n<p>Fonte: Ag\u00eancia Brasil<\/p>\n","protected":false},"excerpt":{"rendered":"<p>O Brasil fechou o m\u00eas de outubro com saldo positivo de 85.147 empregos com carteira assinada.\u00a0O balan\u00e7o \u00e9 do Novo Cadastro Geral de Empregados e&#8230;<\/p>\n","protected":false},"author":1527,"featured_media":62573,"comment_status":"closed","ping_status":"closed","sticky":false,"template":"","format":"standard","meta":{"footnotes":""},"categories":[6],"tags":[],"class_list":["post-62572","post","type-post","status-publish","format-standard","has-post-thumbnail","hentry","category-noticias"],"_links":{"self":[{"href":"https:\/\/www.sincomam.org.br\/index.php\/wp-json\/wp\/v2\/posts\/62572","targetHints":{"allow":["GET"]}}],"collection":[{"href":"https:\/\/www.sincomam.org.br\/index.php\/wp-json\/wp\/v2\/posts"}],"about":[{"href":"https:\/\/www.sincomam.org.br\/index.php\/wp-json\/wp\/v2\/types\/post"}],"author":[{"embeddable":true,"href":"https:\/\/www.sincomam.org.br\/index.php\/wp-json\/wp\/v2\/users\/1527"}],"replies":[{"embeddable":true,"href":"https:\/\/www.sincomam.org.br\/index.php\/wp-json\/wp\/v2\/comments?post=62572"}],"version-history":[{"count":1,"href":"https:\/\/www.sincomam.org.br\/index.php\/wp-json\/wp\/v2\/posts\/62572\/revisions"}],"predecessor-version":[{"id":62574,"href":"https:\/\/www.sincomam.org.br\/index.php\/wp-json\/wp\/v2\/posts\/62572\/revisions\/62574"}],"wp:featuredmedia":[{"embeddable":true,"href":"https:\/\/www.sincomam.org.br\/index.php\/wp-json\/wp\/v2\/media\/62573"}],"wp:attachment":[{"href":"https:\/\/www.sincomam.org.br\/index.php\/wp-json\/wp\/v2\/media?parent=62572"}],"wp:term":[{"taxonomy":"category","embeddable":true,"href":"https:\/\/www.sincomam.org.br\/index.php\/wp-json\/wp\/v2\/categories?post=62572"},{"taxonomy":"post_tag","embeddable":true,"href":"https:\/\/www.sincomam.org.br\/index.php\/wp-json\/wp\/v2\/tags?post=62572"}],"curies":[{"name":"wp","href":"https:\/\/api.w.org\/{rel}","templated":true}]}}