{"id":62562,"date":"2025-11-28T11:10:36","date_gmt":"2025-11-28T14:10:36","guid":{"rendered":"https:\/\/www.sincomam.org.br\/?p=62562"},"modified":"2025-11-28T11:10:36","modified_gmt":"2025-11-28T14:10:36","slug":"marinha-reforca-vigilancia-naval-com-retorno-do-sarp-no-npaoc-apa","status":"publish","type":"post","link":"https:\/\/www.sincomam.org.br\/index.php\/marinha-reforca-vigilancia-naval-com-retorno-do-sarp-no-npaoc-apa\/","title":{"rendered":"Marinha refor\u00e7a vigil\u00e2ncia naval com retorno do SARP no NPaOc Apa"},"content":{"rendered":"<p data-start=\"284\" data-end=\"748\">Ap\u00f3s meses de prepara\u00e7\u00e3o, o\u00a0NPaOc Apa\u00a0voltou a integrar o\u00a0SARP ScanEagle\u00a0\u00e0s opera\u00e7\u00f5es, recuperando uma vantagem essencial no campo da\u00a0intelig\u00eancia, vigil\u00e2ncia e reconhecimento. A retomada ocorreu em novembro e re\u00fane tecnologia de ponta, sensores discretos e autonomia estendida \u2014 um pacote que amplia a proje\u00e7\u00e3o de poder e a capacidade de resposta da Marinha do Brasil. Para o\u00a0EsqdQE-1, trata-se de um marco de prontid\u00e3o e continuidade operacional.<\/p>\n<h2 data-start=\"778\" data-end=\"854\"><strong data-start=\"781\" data-end=\"854\">Capacidades, sensores e integra\u00e7\u00e3o operacional<\/strong><\/h2>\n<p>A retomada do\u00a0SARP ScanEagle\u00a0a bordo do\u00a0Navio-Patrulha Oce\u00e2nico Apa\u00a0representa um avan\u00e7o significativo para as opera\u00e7\u00f5es de\u00a0ISR (Intelig\u00eancia, Vigil\u00e2ncia e Reconhecimento)\u00a0da\u00a0Marinha do Brasil. O sistema \u00e9 conhecido por sua\u00a0alta autonomia, que ultrapassa 20 horas de voo cont\u00ednuo, e pelo\u00a0alcance ampliado, capaz de monitorar \u00e1reas mar\u00edtimas muito al\u00e9m do horizonte visual do navio, gerando um efeito multiplicador para os sensores de bordo.<\/p>\n<p data-start=\"1318\" data-end=\"1740\">Um dos principais diferenciais do ScanEagle \u00e9 o conjunto de\u00a0sensores eletro-\u00f3pticos e infravermelhos, permitindo detec\u00e7\u00e3o, identifica\u00e7\u00e3o e acompanhamento de alvos em diferentes condi\u00e7\u00f5es climatol\u00f3gicas e em opera\u00e7\u00f5es diurnas ou noturnas. A aeronave \u00e9 lan\u00e7ada por catapulta e recuperada por um sistema de cabo vertical, possibilitando opera\u00e7\u00f5es mesmo em alto-mar, com mar agitado ou durante longos per\u00edodos de patrulha.<\/p>\n<p data-start=\"1742\" data-end=\"2131\">Sua integra\u00e7\u00e3o direta com o\u00a0Centro de Opera\u00e7\u00f5es de Combate (COC)\u00a0do NPaOc Apa assegura que os dados captados sejam analisados em tempo real pelos operadores do navio e do\u00a0EsqdQE-1. Essa fus\u00e3o de sensores permite formar um\u00a0quadro t\u00e1tico mais preciso, antecipar amea\u00e7as e ampliar a capacidade de tomada de decis\u00e3o do comandante, elemento vital nas Opera\u00e7\u00f5es de Prote\u00e7\u00e3o Mar\u00edtima.<\/p>\n<h2 data-start=\"2138\" data-end=\"2223\"><strong data-start=\"2141\" data-end=\"2223\">Impacto no preparo dos militares e na rotina operacional<\/strong><\/h2>\n<p data-start=\"2225\" data-end=\"2663\">O retorno do SARP tamb\u00e9m transforma a rotina dos militares envolvidos. A opera\u00e7\u00e3o do\u00a0ScanEagle\u00a0exige elevado padr\u00e3o t\u00e9cnico, o que refor\u00e7a a necessidade de\u00a0treinamentos cont\u00ednuos, certifica\u00e7\u00f5es espec\u00edficas e estreita coopera\u00e7\u00e3o entre as equipes do Apa e do\u00a0Esquadr\u00e3o QE-1. Cada lan\u00e7amento e cada recupera\u00e7\u00e3o da aeronave mobiliza especialistas em manuten\u00e7\u00e3o, pilotos remotos, operadores de sensores e analistas de intelig\u00eancia.<\/p>\n<p data-start=\"2665\" data-end=\"3052\">Esse ciclo operacional fortalece a\u00a0cultura de inova\u00e7\u00e3o tecnol\u00f3gica\u00a0no ambiente naval, estimulando o aprimoramento profissional e o dom\u00ednio de sistemas avan\u00e7ados. A retomada do SARP, al\u00e9m de ampliar a capacidade operacional, contribui para o\u00a0adestramento de novas gera\u00e7\u00f5es\u00a0de militares, consolidando compet\u00eancias essenciais para a moderniza\u00e7\u00e3o das opera\u00e7\u00f5es mar\u00edtimas brasileiras.<\/p>\n<p data-start=\"3054\" data-end=\"3406\">Na pr\u00e1tica, o ScanEagle n\u00e3o substitui o elemento humano \u2014 ele o potencializa. O incremento no fluxo de informa\u00e7\u00f5es, a rapidez na an\u00e1lise de alvos e a precis\u00e3o dos dados refor\u00e7am a confian\u00e7a entre tripula\u00e7\u00e3o e pilotos remotos, fortalecendo a interoperabilidade e elevando o n\u00edvel de prontid\u00e3o do navio em miss\u00f5es de vigil\u00e2ncia, intercepta\u00e7\u00e3o e resposta.<\/p>\n<h2 data-start=\"3413\" data-end=\"3490\"><strong data-start=\"3416\" data-end=\"3490\">Relev\u00e2ncia estrat\u00e9gica para a Amaz\u00f4nia Azul<\/strong><\/h2>\n<p data-start=\"3492\" data-end=\"3870\">O Brasil possui uma imensa \u00e1rea mar\u00edtima \u2014 a\u00a0Amaz\u00f4nia Azul, com mais de 5,7 milh\u00f5es de km\u00b2 \u2014 cuja prote\u00e7\u00e3o \u00e9 estrat\u00e9gica para o pa\u00eds. O retorno do SARP ScanEagle ao NPaOc Apa refor\u00e7a justamente essa miss\u00e3o: aumentar a\u00a0capacidade de vigil\u00e2ncia, combater il\u00edcitos transnacionais, proteger recursos naturais e assegurar a presen\u00e7a dissuas\u00f3ria da Marinha em \u00e1reas sens\u00edveis.<\/p>\n<p data-start=\"3872\" data-end=\"4273\">Nas opera\u00e7\u00f5es em mar aberto, o ScanEagle amplia a detec\u00e7\u00e3o de embarca\u00e7\u00f5es suspeitas, reduz o tempo de resposta e permite que o Apa atue com maior precis\u00e3o, diminuindo riscos e custos operativos. J\u00e1 no ambiente litor\u00e2neo, onde a din\u00e2mica de tr\u00e1fego \u00e9 mais complexa, o SARP se destaca pela capacidade de acompanhar alvos discretamente e fornecer informa\u00e7\u00f5es fundamentais para decis\u00f5es r\u00e1pidas e seguras.<\/p>\n<p data-start=\"4275\" data-end=\"4657\">Essa retomada demonstra o compromisso da Marinha com a moderniza\u00e7\u00e3o e com o fortalecimento da\u00a0Seguran\u00e7a Mar\u00edtima. Ao combinar tecnologia, preparo humano e presen\u00e7a permanente, o NPaOc Apa e o\u00a0EsqdQE-1\u00a0reafirmam sua relev\u00e2ncia como vetores de prote\u00e7\u00e3o dos\u00a0interesses brasileiros na Amaz\u00f4nia Azul, contribuindo para um ambiente mar\u00edtimo mais seguro, monitorado e soberano.<\/p>\n<p data-start=\"4275\" data-end=\"4657\">Fonte: Defesa em Foco<\/p>\n","protected":false},"excerpt":{"rendered":"<p>Ap\u00f3s meses de prepara\u00e7\u00e3o, o\u00a0NPaOc Apa\u00a0voltou a integrar o\u00a0SARP ScanEagle\u00a0\u00e0s opera\u00e7\u00f5es, recuperando uma vantagem essencial no campo da\u00a0intelig\u00eancia, vigil\u00e2ncia e reconhecimento. A retomada ocorreu em&#8230;<\/p>\n","protected":false},"author":1527,"featured_media":62563,"comment_status":"closed","ping_status":"closed","sticky":false,"template":"","format":"standard","meta":{"footnotes":""},"categories":[6],"tags":[],"class_list":["post-62562","post","type-post","status-publish","format-standard","has-post-thumbnail","hentry","category-noticias"],"_links":{"self":[{"href":"https:\/\/www.sincomam.org.br\/index.php\/wp-json\/wp\/v2\/posts\/62562","targetHints":{"allow":["GET"]}}],"collection":[{"href":"https:\/\/www.sincomam.org.br\/index.php\/wp-json\/wp\/v2\/posts"}],"about":[{"href":"https:\/\/www.sincomam.org.br\/index.php\/wp-json\/wp\/v2\/types\/post"}],"author":[{"embeddable":true,"href":"https:\/\/www.sincomam.org.br\/index.php\/wp-json\/wp\/v2\/users\/1527"}],"replies":[{"embeddable":true,"href":"https:\/\/www.sincomam.org.br\/index.php\/wp-json\/wp\/v2\/comments?post=62562"}],"version-history":[{"count":1,"href":"https:\/\/www.sincomam.org.br\/index.php\/wp-json\/wp\/v2\/posts\/62562\/revisions"}],"predecessor-version":[{"id":62564,"href":"https:\/\/www.sincomam.org.br\/index.php\/wp-json\/wp\/v2\/posts\/62562\/revisions\/62564"}],"wp:featuredmedia":[{"embeddable":true,"href":"https:\/\/www.sincomam.org.br\/index.php\/wp-json\/wp\/v2\/media\/62563"}],"wp:attachment":[{"href":"https:\/\/www.sincomam.org.br\/index.php\/wp-json\/wp\/v2\/media?parent=62562"}],"wp:term":[{"taxonomy":"category","embeddable":true,"href":"https:\/\/www.sincomam.org.br\/index.php\/wp-json\/wp\/v2\/categories?post=62562"},{"taxonomy":"post_tag","embeddable":true,"href":"https:\/\/www.sincomam.org.br\/index.php\/wp-json\/wp\/v2\/tags?post=62562"}],"curies":[{"name":"wp","href":"https:\/\/api.w.org\/{rel}","templated":true}]}}