{"id":62471,"date":"2025-11-27T09:25:09","date_gmt":"2025-11-27T12:25:09","guid":{"rendered":"https:\/\/www.sincomam.org.br\/?p=62471"},"modified":"2025-11-27T09:25:09","modified_gmt":"2025-11-27T12:25:09","slug":"o-brasil-concorre-a-reeleicao-no-conselho-da-organizacao-maritima-internacional","status":"publish","type":"post","link":"https:\/\/www.sincomam.org.br\/index.php\/o-brasil-concorre-a-reeleicao-no-conselho-da-organizacao-maritima-internacional\/","title":{"rendered":"O Brasil concorre \u00e0 reelei\u00e7\u00e3o no Conselho da Organiza\u00e7\u00e3o Mar\u00edtima Internacional"},"content":{"rendered":"<p class=\"text-align-justify\">O Brasil concorre \u00e0 reelei\u00e7\u00e3o no Conselho da Organiza\u00e7\u00e3o Mar\u00edtima Internacional (IMO), para o bi\u00eanio 2026-2027. Membro da IMO desde 1963, o Pa\u00eds disputa o pleito na categoria destinada a Estados com maior interesse no com\u00e9rcio mar\u00edtimo internacional. O resultado ser\u00e1 anunciado pelo Presidente da 34\u00aa Assembleia da entidade, ao final da sess\u00e3o eleitoral, que ocorrer\u00e1 na pr\u00f3xima sexta-feira (28).<\/p>\n<p class=\"text-align-justify\">A Delega\u00e7\u00e3o Brasileira \u00e9 chefiada pelo Almirante de Esquadra Jos\u00e9 Augusto Vieira da Cunha de Menezes, Representante Permanente do Brasil junto \u00e0 IMO, que discursou na sess\u00e3o plen\u00e1ria, nesta quarta-feira (26), defendendo a relev\u00e2ncia da atua\u00e7\u00e3o brasileira e reiterando o compromisso nacional com a seguran\u00e7a da navega\u00e7\u00e3o, a prote\u00e7\u00e3o ambiental e o desenvolvimento sustent\u00e1vel do setor mar\u00edtimo.<\/p>\n<figure class=\"bg-light p-3 p-md-5 my-3 rounded\">\n<blockquote class=\"blockquote\"><p>O desenvolvimento econ\u00f4mico deve andar de m\u00e3os dadas com a responsabilidade ambiental. O compromisso do Brasil com seus princ\u00edpios est\u00e1 fundamentado na realidade. Temos um dos maiores conglomerados de energia el\u00e9trica limpa do mundo. Da mesma forma, nossa expertise no desenvolvimento e uso de biocombust\u00edveis demonstra que o crescimento econ\u00f4mico e a a\u00e7\u00e3o clim\u00e1tica podem avan\u00e7ar juntos\u201d, afirmou na ocasi\u00e3o.<\/p><\/blockquote>\n<\/figure>\n<p class=\"text-align-justify\">O Brasil ocupa assento no Conselho de forma ininterrupta desde 1967. A vota\u00e7\u00e3o dos 40 membros que compor\u00e3o o Conselho ocorrer\u00e1 ao longo da Assembleia, da qual participam os 176 estados-membros.<\/p>\n<h5 class=\"text-align-justify\">Sobre a IMO<\/h5>\n<p class=\"text-align-justify\">A Organiza\u00e7\u00e3o Mar\u00edtima Internacional \u00e9 uma ag\u00eancia especializada das Na\u00e7\u00f5es Unidas focada na regulamenta\u00e7\u00e3o do transporte mar\u00edtimo internacional. Desde o ano 2000, a Marinha do Brasil \u00e9 respons\u00e1vel pela atua\u00e7\u00e3o da Representa\u00e7\u00e3o Permanente do Brasil junto \u00e0 Institui\u00e7\u00e3o, participando das discuss\u00f5es em defesa dos interesses nacionais, particularmente relacionados \u00e0 seguran\u00e7a da navega\u00e7\u00e3o, \u00e0 prote\u00e7\u00e3o do meio ambiente marinho e \u00e0 sustentabilidade e efici\u00eancia do setor mar\u00edtimo.<\/p>\n<p>Fonte: Ag\u00eancia Marinha de Not\u00edcias<\/p>\n","protected":false},"excerpt":{"rendered":"<p>O Brasil concorre \u00e0 reelei\u00e7\u00e3o no Conselho da Organiza\u00e7\u00e3o Mar\u00edtima Internacional (IMO), para o bi\u00eanio 2026-2027. Membro da IMO desde 1963, o Pa\u00eds disputa o&#8230;<\/p>\n","protected":false},"author":1527,"featured_media":62472,"comment_status":"closed","ping_status":"closed","sticky":false,"template":"","format":"standard","meta":{"footnotes":""},"categories":[6],"tags":[],"class_list":["post-62471","post","type-post","status-publish","format-standard","has-post-thumbnail","hentry","category-noticias"],"_links":{"self":[{"href":"https:\/\/www.sincomam.org.br\/index.php\/wp-json\/wp\/v2\/posts\/62471","targetHints":{"allow":["GET"]}}],"collection":[{"href":"https:\/\/www.sincomam.org.br\/index.php\/wp-json\/wp\/v2\/posts"}],"about":[{"href":"https:\/\/www.sincomam.org.br\/index.php\/wp-json\/wp\/v2\/types\/post"}],"author":[{"embeddable":true,"href":"https:\/\/www.sincomam.org.br\/index.php\/wp-json\/wp\/v2\/users\/1527"}],"replies":[{"embeddable":true,"href":"https:\/\/www.sincomam.org.br\/index.php\/wp-json\/wp\/v2\/comments?post=62471"}],"version-history":[{"count":1,"href":"https:\/\/www.sincomam.org.br\/index.php\/wp-json\/wp\/v2\/posts\/62471\/revisions"}],"predecessor-version":[{"id":62473,"href":"https:\/\/www.sincomam.org.br\/index.php\/wp-json\/wp\/v2\/posts\/62471\/revisions\/62473"}],"wp:featuredmedia":[{"embeddable":true,"href":"https:\/\/www.sincomam.org.br\/index.php\/wp-json\/wp\/v2\/media\/62472"}],"wp:attachment":[{"href":"https:\/\/www.sincomam.org.br\/index.php\/wp-json\/wp\/v2\/media?parent=62471"}],"wp:term":[{"taxonomy":"category","embeddable":true,"href":"https:\/\/www.sincomam.org.br\/index.php\/wp-json\/wp\/v2\/categories?post=62471"},{"taxonomy":"post_tag","embeddable":true,"href":"https:\/\/www.sincomam.org.br\/index.php\/wp-json\/wp\/v2\/tags?post=62471"}],"curies":[{"name":"wp","href":"https:\/\/api.w.org\/{rel}","templated":true}]}}