{"id":62462,"date":"2025-11-27T09:18:06","date_gmt":"2025-11-27T12:18:06","guid":{"rendered":"https:\/\/www.sincomam.org.br\/?p=62462"},"modified":"2025-11-27T09:25:44","modified_gmt":"2025-11-27T12:25:44","slug":"submarino-almirante-karam-e-lancado-mar-e-tonelero-e-entregue-ao-setor-operativo-da-marinha","status":"publish","type":"post","link":"https:\/\/www.sincomam.org.br\/index.php\/submarino-almirante-karam-e-lancado-mar-e-tonelero-e-entregue-ao-setor-operativo-da-marinha\/","title":{"rendered":"Submarino \u2018Almirante Karam\u2019 \u00e9 lan\u00e7ado mar e \u2018Tonelero\u2019 \u00e9 entregue ao setor operativo da Marinha"},"content":{"rendered":"<p>A Marinha do Brasil (MB) realizou, nesta quarta-feira (26), a cerim\u00f4nia \u2018Prosub25\u2019, que reuniu dois marcos do Programa de Desenvolvimento de Submarinos (Prosub): a mostra de armamento do submarino\u00a0<em>Tonelero<\/em>\u00a0(S42) e o batismo e lan\u00e7amento ao mar do submarino\u00a0<em>Almirante Karam<\/em>\u00a0(S43). Os atos, no Complexo Naval de Itagua\u00ed (RJ), simbolizam a conclus\u00e3o do ciclo de constru\u00e7\u00e3o dos submarinos convencionais e inauguram a transi\u00e7\u00e3o para o desenvolvimento e a constru\u00e7\u00e3o do submarino nuclear convencionalmente armado (SNCA)\u00a0<em>\u00c1lvaro Alberto<\/em>, considerada a etapa mais complexa do programa.<\/p>\n<p>O\u00a0<em>Tonelero<\/em>\u00a0\u00e9 o terceiro submarino brasileiro modelo Scorp\u00e8ne, constru\u00eddo no Brasil pela Itagua\u00ed Constru\u00e7\u00f5es Navais (ICN), com o apoio da francesa Naval Group. J\u00e1 o\u00a0<em>Almirante Karam<\/em>\u00a0\u00e9 o quarto meio naval da s\u00e9rie. As unidades da s\u00e9rie Scorp\u00e8ne s\u00e3o modelos convencionais multiprop\u00f3sito, capazes de operar em \u00e1guas rasas e profundas e projetados para atuar em qualquer etapa de guerra submarina, como em a\u00e7\u00f5es antissuperf\u00edcie, antissubmarino e em opera\u00e7\u00f5es especiais. O primeiro deles, o\u00a0<em>Riachuelo<\/em>, que d\u00e1 nome \u00e0 classe, foi incorporado pela Marinha em setembro de 2022. O segundo,\u00a0<em>Humait\u00e1<\/em>, em janeiro de 2024.<\/p>\n<p>A constru\u00e7\u00e3o dos submarinos faz parte do acordo de transfer\u00eancia de tecnologia do Naval Group para o Brasil, que incluiu o treinamento na Fran\u00e7a de equipes do estaleiro em t\u00e9cnicas de constru\u00e7\u00e3o de submarinos. Trabalhadores foram treinados em programa de qualifica\u00e7\u00e3o para soldadores, caldeireiros, encanadores e eletricistas, compartilhando com a ICN conhecimento sobre o processo produtivo, desde a conforma\u00e7\u00e3o das chapas met\u00e1licas \u00e0 integra\u00e7\u00e3o e testes dos sistemas de bordo.<\/p>\n<p>A cerim\u00f4nia teve in\u00edcio com a mostra de armamento do submarino\u00a0<em>Tonelero<\/em>. Projetado pela francesa Naval Group e constru\u00eddo no pa\u00eds pela ICN, o S42 passa a integrar a for\u00e7a de submarinos ap\u00f3s a conclus\u00e3o dos testes de aceita\u00e7\u00e3o no mar, etapa que marcou o t\u00e9rmino de seu processo construtivo. Na sequ\u00eancia, houve in\u00edcio o batismo e lan\u00e7amento ao mar do submarino\u00a0<em>Almirante Karam<\/em>, quarto submarino convencional constru\u00eddo no Prosub. O ato homenageou o almirante de esquadra\u00a0<em>Alfredo Karam<\/em>, veterano da Segunda Guerra Mundial. A madrinha do submarino, ministra do Supremo Tribunal Federal (STF), C\u00e1rmen L\u00facia Antunes Rocha, presidente do Tribunal Superior Eleitoral (TSE), realizou o batismo, seguindo o ritual tradicional da quebra da garrafa contra o casco.<\/p>\n<p>Ap\u00f3s o lan\u00e7amento ao mar, o\u00a0<em>Almirante Karam<\/em>\u00a0realizar\u00e1 uma nova sequ\u00eancia de testes. Nessa fase, ele ser\u00e1 submetido a provas de imers\u00e3o, navega\u00e7\u00e3o na superf\u00edcie e imers\u00e3o a grande profundidade, al\u00e9m dos testes de desempenho dos principais sistemas e do emprego de armas. Ao final desse processo, estar\u00e1 plenamente apto a cumprir miss\u00f5es com discri\u00e7\u00e3o, precis\u00e3o e efetividade, refor\u00e7ando a defesa nacional.<\/p>\n<p>Ap\u00f3s as homenagens, a madrinha, junto com o ministro da Defesa, Jos\u00e9 M\u00facio, e o comandante da Marinha, almirante de esquadra Marcos Sampaio Olsen, acionaram remotamente o elevador de navios, que deslocou o submarino\u00a0<em>Almirante Karam<\/em>\u00a0at\u00e9 o n\u00edvel do mar. A descida marcou a entrada do submarino na fase de testes de aceita\u00e7\u00e3o no mar, etapa antes da futura incorpora\u00e7\u00e3o ao setor operativo da for\u00e7a naval.<\/p>\n<p>Com tr\u00eas submarinos j\u00e1 incorporados \u2014\u00a0<em>Riachuelo<\/em>,\u00a0<em>Humait\u00e1<\/em>\u00a0e\u00a0<em>Tonelero<\/em>, e com o quarto j\u00e1 lan\u00e7ado ao mar, cuja entrega ao setor operativo da Marinha est\u00e1 prevista para 2026, o Prosub avan\u00e7a em dire\u00e7\u00e3o \u00e0 fase mais importante do programa: a constru\u00e7\u00e3o do SNCA\u00a0<em>\u00c1lvaro Alberto<\/em>.<\/p>\n<p>Fonte: Portos e Navios<\/p>\n","protected":false},"excerpt":{"rendered":"<p>A Marinha do Brasil (MB) realizou, nesta quarta-feira (26), a cerim\u00f4nia \u2018Prosub25\u2019, que reuniu dois marcos do Programa de Desenvolvimento de Submarinos (Prosub): a mostra&#8230;<\/p>\n","protected":false},"author":1527,"featured_media":62463,"comment_status":"closed","ping_status":"closed","sticky":false,"template":"","format":"standard","meta":{"footnotes":""},"categories":[6],"tags":[],"class_list":["post-62462","post","type-post","status-publish","format-standard","has-post-thumbnail","hentry","category-noticias"],"_links":{"self":[{"href":"https:\/\/www.sincomam.org.br\/index.php\/wp-json\/wp\/v2\/posts\/62462","targetHints":{"allow":["GET"]}}],"collection":[{"href":"https:\/\/www.sincomam.org.br\/index.php\/wp-json\/wp\/v2\/posts"}],"about":[{"href":"https:\/\/www.sincomam.org.br\/index.php\/wp-json\/wp\/v2\/types\/post"}],"author":[{"embeddable":true,"href":"https:\/\/www.sincomam.org.br\/index.php\/wp-json\/wp\/v2\/users\/1527"}],"replies":[{"embeddable":true,"href":"https:\/\/www.sincomam.org.br\/index.php\/wp-json\/wp\/v2\/comments?post=62462"}],"version-history":[{"count":1,"href":"https:\/\/www.sincomam.org.br\/index.php\/wp-json\/wp\/v2\/posts\/62462\/revisions"}],"predecessor-version":[{"id":62464,"href":"https:\/\/www.sincomam.org.br\/index.php\/wp-json\/wp\/v2\/posts\/62462\/revisions\/62464"}],"wp:featuredmedia":[{"embeddable":true,"href":"https:\/\/www.sincomam.org.br\/index.php\/wp-json\/wp\/v2\/media\/62463"}],"wp:attachment":[{"href":"https:\/\/www.sincomam.org.br\/index.php\/wp-json\/wp\/v2\/media?parent=62462"}],"wp:term":[{"taxonomy":"category","embeddable":true,"href":"https:\/\/www.sincomam.org.br\/index.php\/wp-json\/wp\/v2\/categories?post=62462"},{"taxonomy":"post_tag","embeddable":true,"href":"https:\/\/www.sincomam.org.br\/index.php\/wp-json\/wp\/v2\/tags?post=62462"}],"curies":[{"name":"wp","href":"https:\/\/api.w.org\/{rel}","templated":true}]}}