{"id":62450,"date":"2025-11-26T12:51:40","date_gmt":"2025-11-26T15:51:40","guid":{"rendered":"https:\/\/www.sincomam.org.br\/?p=62450"},"modified":"2025-11-26T12:54:26","modified_gmt":"2025-11-26T15:54:26","slug":"lei-que-amplia-isencao-do-imposto-de-renda-sera-sancionada-por-lula","status":"publish","type":"post","link":"https:\/\/www.sincomam.org.br\/index.php\/lei-que-amplia-isencao-do-imposto-de-renda-sera-sancionada-por-lula\/","title":{"rendered":"Lei que amplia isen\u00e7\u00e3o do Imposto de Renda ser\u00e1 sancionada por Lula"},"content":{"rendered":"<p>O presidente Luiz In\u00e1cio Lula da Silva ir\u00e1 sancionar nesta quarta-feira (26) a lei que amplia a faixa de isen\u00e7\u00e3o do Imposto de Renda Pessoa F\u00edsica para quem ganha at\u00e9 R$ 5 mil por m\u00eas e estabelece descontos para rendas de at\u00e9 R$ 7.350 mensais.\u00a0<img decoding=\"async\" src=\"https:\/\/agenciabrasil.ebc.com.br\/ebc.png?id=1669302&amp;o=node\" \/><img decoding=\"async\" src=\"https:\/\/agenciabrasil.ebc.com.br\/ebc.gif?id=1669302&amp;o=node\" \/><\/p>\n<p>Segundo o governo, cerca de 15 milh\u00f5es de brasileiros v\u00e3o deixar de pagar imposto de renda com a nova lei.\u00a0A legisla\u00e7\u00e3o tamb\u00e9m aumenta a taxa\u00e7\u00e3o de altas rendas, a partir de R$ 600 mil anuais.<\/p>\n<p>O evento ser\u00e1 realizado no Pal\u00e1cio do Planalto, \u00e0s 10h30. A equipe t\u00e9cnica do Minist\u00e9rio da Fazenda ir\u00e1 detalhar\u00a0a medida para a imprensa.<\/p>\n<h2>Mudan\u00e7as<\/h2>\n<p>Encaminhado pelo governo federal em mar\u00e7o ao Congresso Nacional, o texto da lei\u00a0foi aprovado em outubro\u00a0pela C\u00e2mara dos Deputados e\u00a0no in\u00edcio do m\u00eas pelo Senado.<\/p>\n<p>Atualmente, a isen\u00e7\u00e3o do IR alcan\u00e7a apenas quem ganha at\u00e9 R$ 3.076 (dois sal\u00e1rios m\u00ednimos). A nova legisla\u00e7\u00e3o isentar\u00e1, a partir de janeiro do ano que vem, o imposto de renda sobre rendimentos mensais de at\u00e9 R$ 5 mil para pessoas f\u00edsicas.<\/p>\n<p>Para quem ganha entre R$ 5.000,01 e R$ 7.350, haver\u00e1 uma redu\u00e7\u00e3o parcial dos valores a serem pagos \u2013 quanto menos ganhar, maior a redu\u00e7\u00e3o.<\/p>\n<p>Os contribuintes com rendimentos acima de R$ 7.350 n\u00e3o ser\u00e3o contemplados pela medida.<\/p>\n<p>Para compensar a perda de arrecada\u00e7\u00e3o com a isen\u00e7\u00e3o, o projeto prev\u00ea uma al\u00edquota extra progressiva de at\u00e9 10% para aqueles que recebem mais de R$ 600 mil por ano, o equivalente a R$ 50 mil por m\u00eas. O texto tamb\u00e9m estabelece a tributa\u00e7\u00e3o para lucros e dividendos remetidos para o exterior com al\u00edquota de 10%.<\/p>\n<p>Fonte: Ag\u00eancia Brasil<\/p>\n","protected":false},"excerpt":{"rendered":"<p>O presidente Luiz In\u00e1cio Lula da Silva ir\u00e1 sancionar nesta quarta-feira (26) a lei que amplia a faixa de isen\u00e7\u00e3o do Imposto de Renda Pessoa&#8230;<\/p>\n","protected":false},"author":1527,"featured_media":62451,"comment_status":"closed","ping_status":"closed","sticky":false,"template":"","format":"standard","meta":{"footnotes":""},"categories":[6],"tags":[],"class_list":["post-62450","post","type-post","status-publish","format-standard","has-post-thumbnail","hentry","category-noticias"],"_links":{"self":[{"href":"https:\/\/www.sincomam.org.br\/index.php\/wp-json\/wp\/v2\/posts\/62450","targetHints":{"allow":["GET"]}}],"collection":[{"href":"https:\/\/www.sincomam.org.br\/index.php\/wp-json\/wp\/v2\/posts"}],"about":[{"href":"https:\/\/www.sincomam.org.br\/index.php\/wp-json\/wp\/v2\/types\/post"}],"author":[{"embeddable":true,"href":"https:\/\/www.sincomam.org.br\/index.php\/wp-json\/wp\/v2\/users\/1527"}],"replies":[{"embeddable":true,"href":"https:\/\/www.sincomam.org.br\/index.php\/wp-json\/wp\/v2\/comments?post=62450"}],"version-history":[{"count":1,"href":"https:\/\/www.sincomam.org.br\/index.php\/wp-json\/wp\/v2\/posts\/62450\/revisions"}],"predecessor-version":[{"id":62452,"href":"https:\/\/www.sincomam.org.br\/index.php\/wp-json\/wp\/v2\/posts\/62450\/revisions\/62452"}],"wp:featuredmedia":[{"embeddable":true,"href":"https:\/\/www.sincomam.org.br\/index.php\/wp-json\/wp\/v2\/media\/62451"}],"wp:attachment":[{"href":"https:\/\/www.sincomam.org.br\/index.php\/wp-json\/wp\/v2\/media?parent=62450"}],"wp:term":[{"taxonomy":"category","embeddable":true,"href":"https:\/\/www.sincomam.org.br\/index.php\/wp-json\/wp\/v2\/categories?post=62450"},{"taxonomy":"post_tag","embeddable":true,"href":"https:\/\/www.sincomam.org.br\/index.php\/wp-json\/wp\/v2\/tags?post=62450"}],"curies":[{"name":"wp","href":"https:\/\/api.w.org\/{rel}","templated":true}]}}