{"id":6241,"date":"2014-06-23T08:29:29","date_gmt":"2014-06-23T11:29:29","guid":{"rendered":"http:\/\/www.sincomam.org.br\/?p=6241"},"modified":"2014-06-20T16:32:47","modified_gmt":"2014-06-20T19:32:47","slug":"copa-pode-gerar-1-milhao-de-empregos-e-injetar-r-30-bilhoes-aponta-estudo","status":"publish","type":"post","link":"https:\/\/www.sincomam.org.br\/index.php\/copa-pode-gerar-1-milhao-de-empregos-e-injetar-r-30-bilhoes-aponta-estudo\/","title":{"rendered":"Copa pode gerar 1 milh\u00e3o de empregos e injetar R$ 30 bilh\u00f5es, aponta estudo"},"content":{"rendered":"<p>A Copa do Mundo da Fifa Brasil 2014 vai gerar cerca de 1 milh\u00e3o de empregos no Pa\u00eds, o que equivalente a mais de 15% dos 4,8 milh\u00f5es de empregos formais criados ao longo do governo da presidente Dilma Rousseff. Al\u00e9m da gera\u00e7\u00e3o de postos de trabalho, a Copa do Mundo, deve propiciar a inje\u00e7\u00e3o de R$ 30 bilh\u00f5es na economia brasileira.<\/p>\n<p>Os dados fazem parte de um levantamento feito pela Funda\u00e7\u00e3o Instituto de Pesquisas Econ\u00f4micas (Fipe), a pedido do Minist\u00e9rio do Turismo. O estudo tem como par\u00e2metro uma compara\u00e7\u00e3o entre a proje\u00e7\u00e3o dos impactos gerados pela Copa do Mundo e as informa\u00e7\u00f5es do Cadastro Geral de Empregados e Desempregados (Caged) do Minist\u00e9rio do Trabalho e tem como refer\u00eancia o per\u00edodo de janeiro de 2011 a mar\u00e7o de 2014.<\/p>\n<p>Durante visita ao Centro Aberto de M\u00eddia Jo\u00e3o Saldanha, no Forte de Copacabana, no Rio de Janeiro, o presidente do Instituto Brasileiro de Turismo (Embratur), Vicente Neto, avaliou o resultado da pesquisa. Para ele, trata-se de um n\u00famero &#8220;extremamente significativo que n\u00f3s estamos comemorando neste momento. \u00c9 um legado humano extraordin\u00e1rio&#8221;, disse.<\/p>\n<p>Segundo o levantamento, do total de vagas relacionadas \u00e0 Copa, 710 mil s\u00e3o fixas e 200 mil s\u00e3o tempor\u00e1rias (todos com carteira assinada). S\u00f3 na cadeia do turismo, foram gerados 50 mil novos empregos em fun\u00e7\u00e3o do evento esportivo.<\/p>\n<p>Vicente Neto ressaltou, durante a entrevista, a taxa de ocupa\u00e7\u00e3o da rede hoteleira nas 12 cidades-sede na primeira semana do Mundial, que ficou 45% acima do esperado, de acordo com autoridades do setor. At\u00e9 o dia 11 de junho, foram registradas 340 mil di\u00e1rias, 100 mil a mais que o previsto pelo F\u00f3rum de Operadores Hoteleiros do Brasil. &#8220;Os n\u00fameros est\u00e3o superando as expectativas&#8221;, disse o presidente da Embratur.<\/p>\n<p>Na avalia\u00e7\u00e3o de Vicente Neto, a expectativa da Embratur \u00e9 de que a realiza\u00e7\u00e3o de grandes eventos, como a Copa, ajudem a projetar o Brasil como destino tur\u00edstico de destaque no cen\u00e1rio internacional, impulsionando a gera\u00e7\u00e3o de emprego e renda no Pa\u00eds.<\/p>\n<p>O presidente da Embratur lembrou que o Brasil tem se destacado no cen\u00e1rio mundial de realiza\u00e7\u00e3o de eventos e subiu dez posi\u00e7\u00f5es no ranking da <em>International Congress and Convention Association<\/em> (ICCA) de 2003 a 2013, ao saltar da 19\u00aa para a 9\u00aa posi\u00e7\u00e3o entre os Pa\u00edses do mundo que mais recebem congressos e conven\u00e7\u00f5es associativas.<\/p>\n<p>&#8220;O total de eventos realizados no Brasil neste per\u00edodo saltou de 62 para 315, e o n\u00famero de cidades que sediaram esses encontros aumentou de 22 para 54. Essa evolu\u00e7\u00e3o \u00e9 resultado da pol\u00edtica de descentraliza\u00e7\u00e3o na capta\u00e7\u00e3o de eventos internacionais&#8221;, disse.\u00a0<\/p>\n<p>Fonte: Ag\u00eancia Brasil \/ Estad\u00e3o Conte\u00fado<\/p>\n","protected":false},"excerpt":{"rendered":"<p>A Copa do Mundo da Fifa Brasil 2014 vai gerar cerca de 1 milh\u00e3o de empregos no Pa\u00eds, o que equivalente a mais de 15%&#8230;<\/p>\n","protected":false},"author":1182,"featured_media":6067,"comment_status":"closed","ping_status":"closed","sticky":false,"template":"","format":"standard","meta":{"footnotes":""},"categories":[6],"tags":[137,705,156,1388],"class_list":["post-6241","post","type-post","status-publish","format-standard","has-post-thumbnail","hentry","category-noticias","tag-copa","tag-custos","tag-empregos","tag-legado"],"_links":{"self":[{"href":"https:\/\/www.sincomam.org.br\/index.php\/wp-json\/wp\/v2\/posts\/6241","targetHints":{"allow":["GET"]}}],"collection":[{"href":"https:\/\/www.sincomam.org.br\/index.php\/wp-json\/wp\/v2\/posts"}],"about":[{"href":"https:\/\/www.sincomam.org.br\/index.php\/wp-json\/wp\/v2\/types\/post"}],"author":[{"embeddable":true,"href":"https:\/\/www.sincomam.org.br\/index.php\/wp-json\/wp\/v2\/users\/1182"}],"replies":[{"embeddable":true,"href":"https:\/\/www.sincomam.org.br\/index.php\/wp-json\/wp\/v2\/comments?post=6241"}],"version-history":[{"count":1,"href":"https:\/\/www.sincomam.org.br\/index.php\/wp-json\/wp\/v2\/posts\/6241\/revisions"}],"predecessor-version":[{"id":6242,"href":"https:\/\/www.sincomam.org.br\/index.php\/wp-json\/wp\/v2\/posts\/6241\/revisions\/6242"}],"wp:featuredmedia":[{"embeddable":true,"href":"https:\/\/www.sincomam.org.br\/index.php\/wp-json\/wp\/v2\/media\/6067"}],"wp:attachment":[{"href":"https:\/\/www.sincomam.org.br\/index.php\/wp-json\/wp\/v2\/media?parent=6241"}],"wp:term":[{"taxonomy":"category","embeddable":true,"href":"https:\/\/www.sincomam.org.br\/index.php\/wp-json\/wp\/v2\/categories?post=6241"},{"taxonomy":"post_tag","embeddable":true,"href":"https:\/\/www.sincomam.org.br\/index.php\/wp-json\/wp\/v2\/tags?post=6241"}],"curies":[{"name":"wp","href":"https:\/\/api.w.org\/{rel}","templated":true}]}}