{"id":62405,"date":"2025-11-24T11:31:04","date_gmt":"2025-11-24T14:31:04","guid":{"rendered":"https:\/\/www.sincomam.org.br\/?p=62405"},"modified":"2025-11-24T11:39:17","modified_gmt":"2025-11-24T14:39:17","slug":"sistac-e-dof-subsea-ampliam-parceria-para-inspecao-manutencao-e-reparos-no-setor-de-og-2","status":"publish","type":"post","link":"https:\/\/www.sincomam.org.br\/index.php\/sistac-e-dof-subsea-ampliam-parceria-para-inspecao-manutencao-e-reparos-no-setor-de-og-2\/","title":{"rendered":"INSS cria comit\u00ea para reduzir fila de 2,8 milh\u00f5es de pedidos"},"content":{"rendered":"<p>Um comit\u00ea estrat\u00e9gico foi criado pelo Instituto Nacional do Seguro Social (INSS) a fim de reduzir uma fila de 2,8 milh\u00f5es de pedidos de benef\u00edcios, como aposentadoria, pens\u00e3o e sal\u00e1rio-maternidade.<img decoding=\"async\" src=\"https:\/\/agenciabrasil.ebc.com.br\/ebc.png?id=1669034&amp;o=node\" \/><img decoding=\"async\" src=\"https:\/\/agenciabrasil.ebc.com.br\/ebc.gif?id=1669034&amp;o=node\" \/><\/p>\n<p>A proposta para o novo comit\u00ea, segundo o governo, \u00e9 monitorar, avaliar e propor solu\u00e7\u00f5es para o\u00a0aumento de 23% no volume de novos pedidos recebidos pela autarquia.<\/p>\n<p>O INSS argumenta que, apesar do crescimento no n\u00famero de pedidos da fila, o\u00a0tempo m\u00e9dio para a concess\u00e3o de benef\u00edcios tem apresentado queda. Atualmente, esse per\u00edodo \u00e9 de 35 dias.<\/p>\n<h2>Pend\u00eancias<\/h2>\n<p>Dados do INSS mostram que\u00a0h\u00e1\u00a0920 mil processos que podem ser resolvidos diretamente pelo instituto. Al\u00e9m desses casos, o novo comit\u00ea vai buscar \u201csolu\u00e7\u00f5es e melhorias\u201d para\u00a01,9 milh\u00e3o de pedidos que apresentam pend\u00eancias externas, como aqueles casos com aus\u00eancia de documentos e biometria.<\/p>\n<p>O prazo final para os trabalhos do comit\u00ea \u00e9 30 de junho de 2026.<\/p>\n<p>Conforme o\u00a0INSS, o presidente do \u00f3rg\u00e3o, Gilberto Waller, destacou\u00a0que apenas um ter\u00e7o da fila est\u00e1 sob a governabilidade do INSS. Ele reconheceu o trabalho dos\u00a0mutir\u00f5es para diminuir a fila.<\/p>\n<p>Fonte: Ag\u00eancia Brasil<\/p>\n","protected":false},"excerpt":{"rendered":"<p>Um comit\u00ea estrat\u00e9gico foi criado pelo Instituto Nacional do Seguro Social (INSS) a fim de reduzir uma fila de 2,8 milh\u00f5es de pedidos de benef\u00edcios,&#8230;<\/p>\n","protected":false},"author":1527,"featured_media":62411,"comment_status":"closed","ping_status":"closed","sticky":false,"template":"","format":"standard","meta":{"footnotes":""},"categories":[6],"tags":[],"class_list":["post-62405","post","type-post","status-publish","format-standard","has-post-thumbnail","hentry","category-noticias"],"_links":{"self":[{"href":"https:\/\/www.sincomam.org.br\/index.php\/wp-json\/wp\/v2\/posts\/62405","targetHints":{"allow":["GET"]}}],"collection":[{"href":"https:\/\/www.sincomam.org.br\/index.php\/wp-json\/wp\/v2\/posts"}],"about":[{"href":"https:\/\/www.sincomam.org.br\/index.php\/wp-json\/wp\/v2\/types\/post"}],"author":[{"embeddable":true,"href":"https:\/\/www.sincomam.org.br\/index.php\/wp-json\/wp\/v2\/users\/1527"}],"replies":[{"embeddable":true,"href":"https:\/\/www.sincomam.org.br\/index.php\/wp-json\/wp\/v2\/comments?post=62405"}],"version-history":[{"count":3,"href":"https:\/\/www.sincomam.org.br\/index.php\/wp-json\/wp\/v2\/posts\/62405\/revisions"}],"predecessor-version":[{"id":62412,"href":"https:\/\/www.sincomam.org.br\/index.php\/wp-json\/wp\/v2\/posts\/62405\/revisions\/62412"}],"wp:featuredmedia":[{"embeddable":true,"href":"https:\/\/www.sincomam.org.br\/index.php\/wp-json\/wp\/v2\/media\/62411"}],"wp:attachment":[{"href":"https:\/\/www.sincomam.org.br\/index.php\/wp-json\/wp\/v2\/media?parent=62405"}],"wp:term":[{"taxonomy":"category","embeddable":true,"href":"https:\/\/www.sincomam.org.br\/index.php\/wp-json\/wp\/v2\/categories?post=62405"},{"taxonomy":"post_tag","embeddable":true,"href":"https:\/\/www.sincomam.org.br\/index.php\/wp-json\/wp\/v2\/tags?post=62405"}],"curies":[{"name":"wp","href":"https:\/\/api.w.org\/{rel}","templated":true}]}}