{"id":62402,"date":"2025-11-24T09:16:27","date_gmt":"2025-11-24T12:16:27","guid":{"rendered":"https:\/\/www.sincomam.org.br\/?p=62402"},"modified":"2025-11-24T09:16:27","modified_gmt":"2025-11-24T12:16:27","slug":"brasil-quer-reforca-cultura-oceanica-e-convida-todos-a-conhecer-a-amazonia-azul","status":"publish","type":"post","link":"https:\/\/www.sincomam.org.br\/index.php\/brasil-quer-reforca-cultura-oceanica-e-convida-todos-a-conhecer-a-amazonia-azul\/","title":{"rendered":"Brasil quer refor\u00e7a Cultura Oce\u00e2nica e convida todos a conhecer a Amaz\u00f4nia Azul"},"content":{"rendered":"<p data-start=\"416\" data-end=\"880\">O Brasil intensificou a divulga\u00e7\u00e3o da\u00a0Cultura Oce\u00e2nica, refor\u00e7ando a necessidade de que toda a popula\u00e7\u00e3o compreenda o valor da\u00a0Amaz\u00f4nia Azul, \u00e1rea mar\u00edtima de 5,7 milh\u00f5es de km\u00b2 que concentra petr\u00f3leo, g\u00e1s, biodiversidade e 95% do com\u00e9rcio exterior. A nova campanha, que traz o lema\u00a0\u201co mar est\u00e1 em tudo\u201d, aposta em v\u00eddeos, materiais educativos e um hotsite especial para aproximar os brasileiros das \u00e1guas que movem grande parte do Pa\u00eds.<\/p>\n<h2 data-start=\"953\" data-end=\"1012\"><strong data-start=\"956\" data-end=\"1012\">A dimens\u00e3o t\u00e9cnica e estrat\u00e9gica da Amaz\u00f4nia Azul<\/strong><\/h2>\n<p data-start=\"1014\" data-end=\"1501\">A Amaz\u00f4nia Azul representa um dos maiores patrim\u00f4nios estrat\u00e9gicos do Pa\u00eds. S\u00e3o\u00a05,7 milh\u00f5es de quil\u00f4metros quadrados\u00a0que incluem o mar territorial, a\u00a0Zona Econ\u00f4mica Exclusiva\u00a0(ZEE) e a\u00a0plataforma continental estendida, cujo reconhecimento internacional \u00e9 fruto de d\u00e9cadas de estudos conduzidos pela\u00a0Marinha do Brasil\u00a0em parceria com institui\u00e7\u00f5es civis e o Minist\u00e9rio das Rela\u00e7\u00f5es Exteriores. Apenas essa \u00e1rea ampliada soma\u00a02,1 milh\u00f5es de km\u00b2\u00a0al\u00e9m das 200 milhas n\u00e1uticas.<\/p>\n<p data-start=\"1503\" data-end=\"1875\">A relev\u00e2ncia econ\u00f4mica \u00e9 imensa:\u00a097% do petr\u00f3leo,\u00a085% do g\u00e1s natural,\u00a095% do com\u00e9rcio exterior,\u00a045% do pescado consumido\u00a0no Pa\u00eds e praticamente todos os\u00a0cabos submarinos de dados\u00a0passam pela\u00a0Amaz\u00f4nia Azul. A infraestrutura mar\u00edtima \u2014 portos, terminais, sistemas de navega\u00e7\u00e3o, plataformas e rotas comerciais \u2014 \u00e9 o cora\u00e7\u00e3o invis\u00edvel da economia nacional.<\/p>\n<p data-start=\"1877\" data-end=\"2277\">A campanha utiliza pe\u00e7as digitais, tecnologia audiovisual e linguagem acess\u00edvel para explicar ao p\u00fablico como essa imensa \u00e1rea demanda vigil\u00e2ncia constante, meios navais capazes e est\u00edmulo ao desenvolvimento cient\u00edfico. Para isso, a MB emprega navios-aer\u00f3dromo, fragatas, navios-patrulha, submarinos, aeronaves de asa fixa, helic\u00f3pteros e, cada vez mais,\u00a0sistemas de intelig\u00eancia e monitoramento.<\/p>\n<h2 data-start=\"2284\" data-end=\"2354\"><strong data-start=\"2287\" data-end=\"2354\">A for\u00e7a institucional e social da Cultura Oce\u00e2nica no Brasil<\/strong><\/h2>\n<p>A campanha\u00a0\u201cO mar est\u00e1 em tudo\u201d, desenvolvida pelo\u00a0Centro de Comunica\u00e7\u00e3o Estrat\u00e9gica da Marinha (CCEM), amplia o alcance da Cultura Oce\u00e2nica no Brasil ao dialogar diretamente com o cidad\u00e3o comum, especialmente os jovens. A iniciativa re\u00fane hotsite interativo, posts est\u00e1ticos, v\u00eddeos, cortes de videocast e entrevistas com especialistas em oceanografia, gest\u00e3o mar\u00edtima e pol\u00edticas p\u00fablicas.<\/p>\n<p data-start=\"2757\" data-end=\"3157\">Participaram da a\u00e7\u00e3o nomes como Rodrigo Thom\u00e9, idealizador do movimento\u00a0Euceano, e o Capit\u00e3o de Mar e Guerra (Reserva) Rodrigo de Campos Carvalho, integrante da\u00a0SECIRM. O objetivo \u00e9 aproximar a sociedade de temas como soberania, economia do mar, preserva\u00e7\u00e3o ambiental e ci\u00eancia oce\u00e2nica \u2014 elementos que impactam diretamente o cotidiano da popula\u00e7\u00e3o, mesmo daqueles que vivem longe do litoral.<\/p>\n<p data-start=\"3159\" data-end=\"3508\">\u201cO mar sustenta vidas, conex\u00f5es e riquezas. Queremos que os brasileiros se sintam parte dele\u201d, refor\u00e7ou o Contra-Almirante\u00a0Alexandre Taumaturgo Pavoni, diretor do CCEM. A campanha mobiliza narrativas que mostram que o oceano est\u00e1 presente no alimento, na energia, na internet, no transporte e em praticamente todos os setores econ\u00f4micos do Pa\u00eds.<\/p>\n<h2 data-start=\"3515\" data-end=\"3598\"><strong data-start=\"3518\" data-end=\"3598\">Soberania mar\u00edtima, geopol\u00edtica e a constru\u00e7\u00e3o hist\u00f3rica da Amaz\u00f4nia Azul<\/strong><\/h2>\n<p>O conceito de\u00a0Amaz\u00f4nia Azul\u00a0surgiu em 2004, em artigo publicado na\u00a0<em data-start=\"3671\" data-end=\"3691\">Folha de S\u00e3o Paulo<\/em>, como uma met\u00e1fora para despertar a sociedade para a import\u00e2ncia estrat\u00e9gica do mar \u2014 t\u00e3o vulner\u00e1vel e essencial quanto a Amaz\u00f4nia Verde. Desde ent\u00e3o, o Brasil vem consolidando seu espa\u00e7o mar\u00edtimo por meio de pesquisas cient\u00edficas, miss\u00f5es hidrogr\u00e1ficas, opera\u00e7\u00f5es de presen\u00e7a e negocia\u00e7\u00f5es internacionais.<\/p>\n<p data-start=\"4000\" data-end=\"4383\">O epis\u00f3dio de 2023, quando uma fragata brasileira dissuadiu um navio estrangeiro que realizava pesquisas n\u00e3o autorizadas na\u00a0Eleva\u00e7\u00e3o do Rio Grande, mostrou o peso geopol\u00edtico da \u00e1rea e a necessidade permanente de presen\u00e7a naval. O cintur\u00e3o mar\u00edtimo brasileiro abriga recursos cr\u00edticos como mangan\u00eas, n\u00edquel, cobalto, platina, terras-raras e \u00e1reas de valor ambiental incompar\u00e1vel.<\/p>\n<p data-start=\"4385\" data-end=\"4693\">Outro eixo estrat\u00e9gico \u00e9 o\u00a0Planejamento Espacial Marinho (PEM), iniciativa conduzida pela Marinha e pelo Minist\u00e9rio do Meio Ambiente que organiza o uso m\u00faltiplo do mar \u2014 pesca, navega\u00e7\u00e3o, energia e\u00f3lica, circula\u00e7\u00e3o portu\u00e1ria, cabos e explora\u00e7\u00e3o mineral \u2014 garantindo sustentabilidade e seguran\u00e7a jur\u00eddica.<\/p>\n<p data-start=\"4695\" data-end=\"5026\">A soberania mar\u00edtima brasileira tamb\u00e9m se apoia na participa\u00e7\u00e3o em exerc\u00edcios como\u00a0ASPIRANTEX,\u00a0ADEREX,\u00a0UNITAS,\u00a0GUINEX\u00a0e\u00a0Fraterno, que elevam o n\u00edvel de adestramento das tripula\u00e7\u00f5es e integram o Pa\u00eds \u00e0 comunidade mar\u00edtima internacional, refor\u00e7ando a presen\u00e7a no Atl\u00e2ntico Sul e no entorno estrat\u00e9gico brasileiro.<\/p>\n<p data-start=\"4695\" data-end=\"5026\">Fonte: Defesa em Foco<\/p>\n","protected":false},"excerpt":{"rendered":"<p>O Brasil intensificou a divulga\u00e7\u00e3o da\u00a0Cultura Oce\u00e2nica, refor\u00e7ando a necessidade de que toda a popula\u00e7\u00e3o compreenda o valor da\u00a0Amaz\u00f4nia Azul, \u00e1rea mar\u00edtima de 5,7 milh\u00f5es&#8230;<\/p>\n","protected":false},"author":1527,"featured_media":62403,"comment_status":"closed","ping_status":"closed","sticky":false,"template":"","format":"standard","meta":{"footnotes":""},"categories":[6],"tags":[],"class_list":["post-62402","post","type-post","status-publish","format-standard","has-post-thumbnail","hentry","category-noticias"],"_links":{"self":[{"href":"https:\/\/www.sincomam.org.br\/index.php\/wp-json\/wp\/v2\/posts\/62402","targetHints":{"allow":["GET"]}}],"collection":[{"href":"https:\/\/www.sincomam.org.br\/index.php\/wp-json\/wp\/v2\/posts"}],"about":[{"href":"https:\/\/www.sincomam.org.br\/index.php\/wp-json\/wp\/v2\/types\/post"}],"author":[{"embeddable":true,"href":"https:\/\/www.sincomam.org.br\/index.php\/wp-json\/wp\/v2\/users\/1527"}],"replies":[{"embeddable":true,"href":"https:\/\/www.sincomam.org.br\/index.php\/wp-json\/wp\/v2\/comments?post=62402"}],"version-history":[{"count":1,"href":"https:\/\/www.sincomam.org.br\/index.php\/wp-json\/wp\/v2\/posts\/62402\/revisions"}],"predecessor-version":[{"id":62404,"href":"https:\/\/www.sincomam.org.br\/index.php\/wp-json\/wp\/v2\/posts\/62402\/revisions\/62404"}],"wp:featuredmedia":[{"embeddable":true,"href":"https:\/\/www.sincomam.org.br\/index.php\/wp-json\/wp\/v2\/media\/62403"}],"wp:attachment":[{"href":"https:\/\/www.sincomam.org.br\/index.php\/wp-json\/wp\/v2\/media?parent=62402"}],"wp:term":[{"taxonomy":"category","embeddable":true,"href":"https:\/\/www.sincomam.org.br\/index.php\/wp-json\/wp\/v2\/categories?post=62402"},{"taxonomy":"post_tag","embeddable":true,"href":"https:\/\/www.sincomam.org.br\/index.php\/wp-json\/wp\/v2\/tags?post=62402"}],"curies":[{"name":"wp","href":"https:\/\/api.w.org\/{rel}","templated":true}]}}