{"id":6238,"date":"2014-06-23T08:26:06","date_gmt":"2014-06-23T11:26:06","guid":{"rendered":"http:\/\/www.sincomam.org.br\/?p=6238"},"modified":"2014-06-20T16:29:22","modified_gmt":"2014-06-20T19:29:22","slug":"somente-25-dos-jovens-com-16-e-17-anos-tiraram-titulo-de-eleitor","status":"publish","type":"post","link":"https:\/\/www.sincomam.org.br\/index.php\/somente-25-dos-jovens-com-16-e-17-anos-tiraram-titulo-de-eleitor\/","title":{"rendered":"Somente 25% dos jovens com 16 e 17 anos tiraram t\u00edtulo de eleitor"},"content":{"rendered":"<p><strong><em>Adolescentes abrem m\u00e3o do voto um ano depois dos protestos de rua<\/em><\/strong><\/p>\n<p>Um ano ap\u00f3s as manifesta\u00e7\u00f5es de rua que sacudiram o pa\u00eds, apenas 25% dos brasileiros com 16 e 17 anos exerceram seu direito e tiraram o t\u00edtulo de eleitor para votar em outubro. Desde 2006, esse \u00edndice registra quedas sucessivas. Naquele ano, o grupo de eleitores facultativos (com menos de 18 anos) representava 39% da popula\u00e7\u00e3o nessa faixa et\u00e1ria. Nas elei\u00e7\u00f5es de 2010, ele encolheu para 32%. Agora, segundo cruzamento de dados do Tribunal Superior Eleitoral (TSE) com informa\u00e7\u00f5es do IBGE, o total de jovens adolescentes com t\u00edtulo representa apenas um quarto da popula\u00e7\u00e3o nessa faixa et\u00e1ria.<\/p>\n<p>Para dem\u00f3grafos e cientistas pol\u00edticos, a queda na quantidade desses registros facultativos indica a indiferen\u00e7a da juventude brasileira em rela\u00e7\u00e3o \u00e0s urnas. Ao que parece, aqueles que agora teriam o direito de eleger seus representantes demonstram n\u00e3o acreditar no sufr\u00e1gio como meio de transforma\u00e7\u00e3o de seu pa\u00eds.<\/p>\n<p>Al\u00e9m disso, acompanhando o envelhecimento da popula\u00e7\u00e3o brasileira, nas elei\u00e7\u00f5es de outubro, o Brasil viver\u00e1 um cen\u00e1rio totalmente novo. Pela primeira vez em sua Hist\u00f3ria, o pa\u00eds ter\u00e1 mais eleitores idosos, com mais de 60 anos, do que com idades entre 16 e 24 anos. E isso pode influenciar os rumos das pol\u00edticas p\u00fablicas.<\/p>\n<p>\u2014 Se houver uma disputa de recursos entre a Previd\u00eancia Social e a Educa\u00e7\u00e3o infantil, por exemplo, o peso dos idosos pode acabar conduzindo os recursos para a Previd\u00eancia. E isso pode gerar um conflito entre as gera\u00e7\u00f5es \u2014 alerta o dem\u00f3grafo Jos\u00e9 Eust\u00e1quio Diniz, autor do artigo \u201cO envelhecimento do eleitorado brasileiro\u201d.<\/p>\n<p>Ao analisar a queda no n\u00famero de t\u00edtulos eleitorais tirados pelos adolescentes de 16 e 17 anos, ele aponta ainda o que acredita ser a principal causa disso:<\/p>\n<p>\u2014 Essa queda reflete um certo desinteresse deles pela pol\u00edtica. A pol\u00edtica nacional n\u00e3o est\u00e1 conseguindo atingir os jovens adolescentes.<\/p>\n<p>A juventude confirma essa teoria. Diz que n\u00e3o quer ir \u00e0s urnas em outubro por conta da descren\u00e7a nos candidatos, que se soma \u00e0 desilus\u00e3o com os partidos.<\/p>\n<p>Fonte: O Globo<\/p>\n<p><strong><em>\u00a0<\/em><\/strong><\/p>\n","protected":false},"excerpt":{"rendered":"<p>Adolescentes abrem m\u00e3o do voto um ano depois dos protestos de rua Um ano ap\u00f3s as manifesta\u00e7\u00f5es de rua que sacudiram o pa\u00eds, apenas 25%&#8230;<\/p>\n","protected":false},"author":1182,"featured_media":6239,"comment_status":"closed","ping_status":"closed","sticky":false,"template":"","format":"standard","meta":{"footnotes":""},"categories":[6],"tags":[],"class_list":["post-6238","post","type-post","status-publish","format-standard","has-post-thumbnail","hentry","category-noticias"],"_links":{"self":[{"href":"https:\/\/www.sincomam.org.br\/index.php\/wp-json\/wp\/v2\/posts\/6238","targetHints":{"allow":["GET"]}}],"collection":[{"href":"https:\/\/www.sincomam.org.br\/index.php\/wp-json\/wp\/v2\/posts"}],"about":[{"href":"https:\/\/www.sincomam.org.br\/index.php\/wp-json\/wp\/v2\/types\/post"}],"author":[{"embeddable":true,"href":"https:\/\/www.sincomam.org.br\/index.php\/wp-json\/wp\/v2\/users\/1182"}],"replies":[{"embeddable":true,"href":"https:\/\/www.sincomam.org.br\/index.php\/wp-json\/wp\/v2\/comments?post=6238"}],"version-history":[{"count":1,"href":"https:\/\/www.sincomam.org.br\/index.php\/wp-json\/wp\/v2\/posts\/6238\/revisions"}],"predecessor-version":[{"id":6240,"href":"https:\/\/www.sincomam.org.br\/index.php\/wp-json\/wp\/v2\/posts\/6238\/revisions\/6240"}],"wp:featuredmedia":[{"embeddable":true,"href":"https:\/\/www.sincomam.org.br\/index.php\/wp-json\/wp\/v2\/media\/6239"}],"wp:attachment":[{"href":"https:\/\/www.sincomam.org.br\/index.php\/wp-json\/wp\/v2\/media?parent=6238"}],"wp:term":[{"taxonomy":"category","embeddable":true,"href":"https:\/\/www.sincomam.org.br\/index.php\/wp-json\/wp\/v2\/categories?post=6238"},{"taxonomy":"post_tag","embeddable":true,"href":"https:\/\/www.sincomam.org.br\/index.php\/wp-json\/wp\/v2\/tags?post=6238"}],"curies":[{"name":"wp","href":"https:\/\/api.w.org\/{rel}","templated":true}]}}