{"id":62368,"date":"2025-11-21T12:22:27","date_gmt":"2025-11-21T15:22:27","guid":{"rendered":"https:\/\/www.sincomam.org.br\/?p=62368"},"modified":"2025-11-21T12:23:30","modified_gmt":"2025-11-21T15:23:30","slug":"cop30-mpor-lanca-planos-de-descarbonizacao-do-setor-aquaviario","status":"publish","type":"post","link":"https:\/\/www.sincomam.org.br\/index.php\/cop30-mpor-lanca-planos-de-descarbonizacao-do-setor-aquaviario\/","title":{"rendered":"COP30: MPor lan\u00e7a planos de descarboniza\u00e7\u00e3o do setor aquavi\u00e1rio"},"content":{"rendered":"<p>O Minist\u00e9rio de Portos e Aeroportos anunciou nesta ter\u00e7a (18\/11), em Bel\u00e9m, a cria\u00e7\u00e3o do Programa Nacional de Descarboniza\u00e7\u00e3o de Portos (PND-Portos) e do Programa Nacional de Descarboniza\u00e7\u00e3o da Navega\u00e7\u00e3o (PND-Navega\u00e7\u00e3o). A portaria que institui as iniciativas foi assinada pelo ministro em exerc\u00edcio,\u00a0<strong>Tom\u00e9 Franca\u00a0<\/strong>, durante um ato oficial, como parte da programa\u00e7\u00e3o do MPor na COP30.<\/p>\n<p>A medida representa um marco na agenda clim\u00e1tica do minist\u00e9rio e consolida o compromisso do Brasil com a Pol\u00edtica Nacional sobre Mudan\u00e7a do Clima e com os Objetivos de Desenvolvimento Sustent\u00e1vel (ODS) da Organiza\u00e7\u00e3o das Na\u00e7\u00f5es Unidas (ONU).<\/p>\n<p>Tamb\u00e9m participaram do ato\u00a0<strong>Thayrine Oliveira<\/strong>, secret\u00e1ria-executiva adjunta;\u00a0<strong>Otto Luiz Burlier<\/strong>, secret\u00e1rio nacional substituto de Hidrovias e Navega\u00e7\u00e3o; e\u00a0<strong>Bruno Neri\u00a0<\/strong>, diretor de Novas Outorgas e Pol\u00edticas Regulat\u00f3rias Portu\u00e1rias.<\/p>\n<p>Os programas s\u00e3o instrumentos centrais para a implementa\u00e7\u00e3o da Pol\u00edtica de Sustentabilidade do Minist\u00e9rio, institu\u00edda pela Portaria 58, de 2025 e visam reduzir progressivamente as emiss\u00f5es de gases de efeito estufa (GEE), incentivar a efici\u00eancia energ\u00e9tica e modernizar as infraestruturas portu\u00e1rias e da navega\u00e7\u00e3o nacional. A iniciativa alinha o Brasil \u00e0 agenda global de transi\u00e7\u00e3o energ\u00e9tica e inova\u00e7\u00e3o tecnol\u00f3gica.<\/p>\n<p>O ministro em exerc\u00edcio do MPor, Tom\u00e9 Franca, destacou a relev\u00e2ncia desta iniciativa como um passo concreto para a transi\u00e7\u00e3o energ\u00e9tica no setor. \u201cAssinar esta portaria aqui, em Bel\u00e9m, no cora\u00e7\u00e3o da COP30, \u00e9 um passo concreto e decisivo do MPor. O PND-Portos e o PND-Navega\u00e7\u00e3o s\u00e3o instrumentos que v\u00e3o guiar a transi\u00e7\u00e3o energ\u00e9tica do setor aquavi\u00e1rio, alinhando o Brasil \u00e0s melhores pr\u00e1ticas globais. Estamos criando os incentivos para reduzir emiss\u00f5es de gases de efeito estufa, modernizar a frota com combust\u00edveis sustent\u00e1veis e tornar nossos portos mais eficientes&#8221;, disse.<\/p>\n<p><strong>Bruno Neri\u00a0<\/strong>representou o MPor em mesa-redonda sobre o tema, ocasi\u00e3o em que destacou o compromisso do minist\u00e9rio. \u201c\u00c9 motivo de alegria assinarmos esta portaria num evento t\u00e3o especial, como \u00e9 a COP30, pois isso \u00e9 uma confirma\u00e7\u00e3o do compromisso que n\u00f3s, como minist\u00e9rio, atrav\u00e9s do ministro Silvio Costa Filho, temos assumido em rela\u00e7\u00e3o \u00e0 pol\u00edtica de sustentabilidade\u201d, disse.<\/p>\n<h4><strong>A\u00e7\u00f5es estrat\u00e9gicas<\/strong><\/h4>\n<p>Os programas ser\u00e3o estruturados em coopera\u00e7\u00e3o com outros atores p\u00fablicos e privados. O\u00a0<strong>PND-Portos\u00a0<\/strong>, sob responsabilidade da Secretaria Nacional de Portos (SNP), estar\u00e1 focado na gest\u00e3o de emiss\u00f5es diretas e indiretas, na ado\u00e7\u00e3o de energia limpa, na eletrifica\u00e7\u00e3o de equipamentos e na inclus\u00e3o de crit\u00e9rios de sustentabilidade nos contratos de concess\u00e3o portu\u00e1ria.<\/p>\n<p>J\u00e1 o\u00a0<strong>PND-Navega\u00e7\u00e3o\u00a0<\/strong>, liderado pela Secretaria Nacional de Hidrovias e Navega\u00e7\u00e3o (SNHN), ir\u00e1 contemplar o incentivo a combust\u00edveis sustent\u00e1veis, o aprimoramento da efici\u00eancia operacional, a moderniza\u00e7\u00e3o da frota e o fortalecimento da infraestrutura de abastecimento.<\/p>\n<p>A estrutura\u00e7\u00e3o t\u00e9cnica dos programas conta com o apoio do Laborat\u00f3rio de Transportes e Log\u00edstica da Universidade Federal de Santa Catarina (LabTrans\/UFSC). Este apoio t\u00e9cnico inclui o planejamento da transi\u00e7\u00e3o energ\u00e9tica no transporte aquavi\u00e1rio e a cria\u00e7\u00e3o de uma solu\u00e7\u00e3o integrada para registrar, monitorar e divulgar os indicadores clim\u00e1ticos do setor.<\/p>\n<p>A portaria fortalece a governan\u00e7a clim\u00e1tica do MPor e traduz em a\u00e7\u00f5es concretas os compromissos internacionais assumidos pelo pa\u00eds, tornando-se uma refer\u00eancia para a constru\u00e7\u00e3o de uma matriz log\u00edstica de baixo carbono e resiliente.<\/p>\n<p>Fonte: Ag\u00eancia GOV<\/p>\n","protected":false},"excerpt":{"rendered":"<p>O Minist\u00e9rio de Portos e Aeroportos anunciou nesta ter\u00e7a (18\/11), em Bel\u00e9m, a cria\u00e7\u00e3o do Programa Nacional de Descarboniza\u00e7\u00e3o de Portos (PND-Portos) e do Programa&#8230;<\/p>\n","protected":false},"author":1527,"featured_media":62369,"comment_status":"closed","ping_status":"closed","sticky":false,"template":"","format":"standard","meta":{"footnotes":""},"categories":[6],"tags":[],"class_list":["post-62368","post","type-post","status-publish","format-standard","has-post-thumbnail","hentry","category-noticias"],"_links":{"self":[{"href":"https:\/\/www.sincomam.org.br\/index.php\/wp-json\/wp\/v2\/posts\/62368","targetHints":{"allow":["GET"]}}],"collection":[{"href":"https:\/\/www.sincomam.org.br\/index.php\/wp-json\/wp\/v2\/posts"}],"about":[{"href":"https:\/\/www.sincomam.org.br\/index.php\/wp-json\/wp\/v2\/types\/post"}],"author":[{"embeddable":true,"href":"https:\/\/www.sincomam.org.br\/index.php\/wp-json\/wp\/v2\/users\/1527"}],"replies":[{"embeddable":true,"href":"https:\/\/www.sincomam.org.br\/index.php\/wp-json\/wp\/v2\/comments?post=62368"}],"version-history":[{"count":1,"href":"https:\/\/www.sincomam.org.br\/index.php\/wp-json\/wp\/v2\/posts\/62368\/revisions"}],"predecessor-version":[{"id":62370,"href":"https:\/\/www.sincomam.org.br\/index.php\/wp-json\/wp\/v2\/posts\/62368\/revisions\/62370"}],"wp:featuredmedia":[{"embeddable":true,"href":"https:\/\/www.sincomam.org.br\/index.php\/wp-json\/wp\/v2\/media\/62369"}],"wp:attachment":[{"href":"https:\/\/www.sincomam.org.br\/index.php\/wp-json\/wp\/v2\/media?parent=62368"}],"wp:term":[{"taxonomy":"category","embeddable":true,"href":"https:\/\/www.sincomam.org.br\/index.php\/wp-json\/wp\/v2\/categories?post=62368"},{"taxonomy":"post_tag","embeddable":true,"href":"https:\/\/www.sincomam.org.br\/index.php\/wp-json\/wp\/v2\/tags?post=62368"}],"curies":[{"name":"wp","href":"https:\/\/api.w.org\/{rel}","templated":true}]}}