{"id":62362,"date":"2025-11-21T12:19:24","date_gmt":"2025-11-21T15:19:24","guid":{"rendered":"https:\/\/www.sincomam.org.br\/?p=62362"},"modified":"2025-11-21T12:19:24","modified_gmt":"2025-11-21T15:19:24","slug":"marinha-vai-incorporar-tonelero-ao-setor-operativo-e-lancar-almirante-karam-na-proxima-semana","status":"publish","type":"post","link":"https:\/\/www.sincomam.org.br\/index.php\/marinha-vai-incorporar-tonelero-ao-setor-operativo-e-lancar-almirante-karam-na-proxima-semana\/","title":{"rendered":"Marinha vai incorporar &#8216;Tonelero&#8217; ao setor operativo e lan\u00e7ar &#8216;Almirante Karam&#8217; na pr\u00f3xima semana"},"content":{"rendered":"<p>A Marinha do Brasil realizar\u00e1, na pr\u00f3xima quarta-feira (26), uma cerim\u00f4nia que reunir\u00e1 dois importantes marcos do Programa de Desenvolvimento de Submarinos (Prosub). Um deles ser\u00e1 a mostra de armamento do submarino\u00a0<em>Tonelero<\/em>\u00a0(S42), ato que oficializa sua transfer\u00eancia ao setor operativo da for\u00e7a naval. De acordo com a Diretoria-Geral de Desenvolvimento Nuclear e Tecnol\u00f3gico da Marinha, o evento ocorrer\u00e1 no complexo naval de Itagua\u00ed, no Rio de Janeiro. Na ocasi\u00e3o, tamb\u00e9m ser\u00e1 celebrado o batismo e lan\u00e7amento ao mar do submarino\u00a0<em>Almirante Karam<\/em>\u00a0(S43), quarto submarino convencional constru\u00eddo no pa\u00eds pelo Prosub.<\/p>\n<p>O submarino\u00a0<em>Tonelero<\/em>\u00a0passou por manobra de imers\u00e3o din\u00e2mica no dia 30 de janeiro deste ano. Esse procedimento validou a capacidade de oculta\u00e7\u00e3o, perman\u00eancia e recarga de baterias no mar, al\u00e9m de testar a guarita de salvamento e o controle atmosf\u00e9rico interno. Antes da incorpora\u00e7\u00e3o tamb\u00e9m \u00e9 realizada a imers\u00e3o em grande profundidade, para avaliar a resist\u00eancia do casco e sistemas essenciais.<\/p>\n<p>O Tonelero \u00e9 a terceira embarca\u00e7\u00e3o da classe Riachuelo e o segundo submarino da Marinha do Brasil a receber este nome, em homenagem ao passo fortificado \u00e0 margem direita do rio Paran\u00e1. O submarino dessa classe \u00e9 baseado no projeto Scorp\u00e8ne da francesa Naval Group e constru\u00eddo pela Itagua\u00ed Constru\u00e7\u00f5es Navais (ICN).<\/p>\n<p>As embarca\u00e7\u00f5es da Classe Riachuelo s\u00e3o maiores no comprimento, tonelagem e capacidade de carga em rela\u00e7\u00e3o aos originais franceses. A vers\u00e3o brasileira t\u00eam 71,62 metros e 1.870 toneladas, ante os 66,4 metros e 1.717 toneladas dos Scorp\u00e8nes.<\/p>\n<p>Fonte: Portos e Navios<\/p>\n","protected":false},"excerpt":{"rendered":"<p>A Marinha do Brasil realizar\u00e1, na pr\u00f3xima quarta-feira (26), uma cerim\u00f4nia que reunir\u00e1 dois importantes marcos do Programa de Desenvolvimento de Submarinos (Prosub). Um deles&#8230;<\/p>\n","protected":false},"author":1527,"featured_media":62363,"comment_status":"closed","ping_status":"closed","sticky":false,"template":"","format":"standard","meta":{"footnotes":""},"categories":[6],"tags":[],"class_list":["post-62362","post","type-post","status-publish","format-standard","has-post-thumbnail","hentry","category-noticias"],"_links":{"self":[{"href":"https:\/\/www.sincomam.org.br\/index.php\/wp-json\/wp\/v2\/posts\/62362","targetHints":{"allow":["GET"]}}],"collection":[{"href":"https:\/\/www.sincomam.org.br\/index.php\/wp-json\/wp\/v2\/posts"}],"about":[{"href":"https:\/\/www.sincomam.org.br\/index.php\/wp-json\/wp\/v2\/types\/post"}],"author":[{"embeddable":true,"href":"https:\/\/www.sincomam.org.br\/index.php\/wp-json\/wp\/v2\/users\/1527"}],"replies":[{"embeddable":true,"href":"https:\/\/www.sincomam.org.br\/index.php\/wp-json\/wp\/v2\/comments?post=62362"}],"version-history":[{"count":1,"href":"https:\/\/www.sincomam.org.br\/index.php\/wp-json\/wp\/v2\/posts\/62362\/revisions"}],"predecessor-version":[{"id":62364,"href":"https:\/\/www.sincomam.org.br\/index.php\/wp-json\/wp\/v2\/posts\/62362\/revisions\/62364"}],"wp:featuredmedia":[{"embeddable":true,"href":"https:\/\/www.sincomam.org.br\/index.php\/wp-json\/wp\/v2\/media\/62363"}],"wp:attachment":[{"href":"https:\/\/www.sincomam.org.br\/index.php\/wp-json\/wp\/v2\/media?parent=62362"}],"wp:term":[{"taxonomy":"category","embeddable":true,"href":"https:\/\/www.sincomam.org.br\/index.php\/wp-json\/wp\/v2\/categories?post=62362"},{"taxonomy":"post_tag","embeddable":true,"href":"https:\/\/www.sincomam.org.br\/index.php\/wp-json\/wp\/v2\/tags?post=62362"}],"curies":[{"name":"wp","href":"https:\/\/api.w.org\/{rel}","templated":true}]}}