{"id":62324,"date":"2025-11-18T09:18:08","date_gmt":"2025-11-18T12:18:08","guid":{"rendered":"https:\/\/www.sincomam.org.br\/?p=62324"},"modified":"2025-11-18T09:21:39","modified_gmt":"2025-11-18T12:21:39","slug":"industria-de-og-do-brasil-avanca-na-reducao-de-emissao-de-metano","status":"publish","type":"post","link":"https:\/\/www.sincomam.org.br\/index.php\/industria-de-og-do-brasil-avanca-na-reducao-de-emissao-de-metano\/","title":{"rendered":"Ind\u00fastria de O&#038;G do Brasil avan\u00e7a na redu\u00e7\u00e3o de emiss\u00e3o de metano"},"content":{"rendered":"<p>O setor de \u00f3leo e g\u00e1s no Brasil mostrou avan\u00e7os no Global Methane Pledge, acordo firmado na COP26, em Glasgow, na Esc\u00f3cia, para reduzir as emiss\u00f5es de metano em 30% at\u00e9 2030. No painel \u201c<em>Global Methane Pledge \u2013 Compromisso Global com Net Zero no \u00e2mbito da Redu\u00e7\u00e3o Global das Emiss\u00f5es de Metano<\/em>\u201d, realizado na COP30, no Pavilh\u00e3o Brasil, na quinta-feira (13), o Instituto Brasileiro de Petr\u00f3leo e G\u00e1s Natural (IBP) reuniu especialistas para debater sobre o andamento da ind\u00fastria brasileira na redu\u00e7\u00e3o das emiss\u00f5es de metano.<\/p>\n<p>A mediadora do debate foi a diretora executiva de G\u00e1s Natural do IBP, Sylvie D\u2019Apote, que refor\u00e7ou que o desafio global da redu\u00e7\u00e3o das emiss\u00f5es de metano passa por medir melhor, compartilhar aprendizados e melhores pr\u00e1ticas, e difundir tecnologias j\u00e1 dispon\u00edveis.<\/p>\n<p>\u201cTer levantamentos precisos, com acompanhamento ao longo dos anos, sobre as emiss\u00f5es fugitivas \u00e9 o primeiro passo para priorizar recursos e gerar impactos consistentes\u201d, disse D\u2019Apote. No curto e m\u00e9dio prazo, as emiss\u00f5es de metano t\u00eam um maior impacto clim\u00e1tico que o CO\u2082, afirmou ela, al\u00e9m de apontar a necessidade de coopera\u00e7\u00e3o internacional entre empresas e entre pa\u00edses para a redu\u00e7\u00e3o destas emiss\u00f5es na produ\u00e7\u00e3o de petr\u00f3leo e g\u00e1s e na cadeia de g\u00e1s.<\/p>\n<p>Nesse sentido, a diretora para as Am\u00e9ricas do International Association of Oil &amp; Gas Producers (IOGP), Faye Gerard, aponta que n\u00e3o h\u00e1 uma \u00fanica solu\u00e7\u00e3o para a descarboniza\u00e7\u00e3o. \u201cO avan\u00e7o na redu\u00e7\u00e3o das emiss\u00f5es de metano depende de colabora\u00e7\u00e3o, padroniza\u00e7\u00e3o e da aplica\u00e7\u00e3o das tecnologias certas para cada opera\u00e7\u00e3o\u201d, disse Gerard.<\/p>\n<p>Representantes da Petrobras e Equinor estavam no painel, mostrando o que j\u00e1 tem sido feito. Do lado da estatal, a divulga\u00e7\u00e3o que a produ\u00e7\u00e3o de \u00f3leo e g\u00e1s da companhia j\u00e1 responde por menos de 1% das emiss\u00f5es de metano do Brasil. \u201cReduzimos 70% das emiss\u00f5es de metano desde 2015\u201d, destacou a gerente executiva de Mudan\u00e7a Clim\u00e1tica e Descarboniza\u00e7\u00e3o, Viviana Coelho.<\/p>\n<p>J\u00e1 a country manager da Equinor no Brasil, Ver\u00f4nica Coelho, destacou o investimento da empresa, a n\u00edvel mundial, em sistemas avan\u00e7ados de detec\u00e7\u00e3o de vazamentos com drones e sensores aplicados em toda a cadeia operacional, para eliminar o flaring (queima de g\u00e1s) rotineiro em suas opera\u00e7\u00f5es.<\/p>\n<p>Segundo o diretor geral da Oil and Gas Climate Iniciative (OGCI) e da Oil and Gas Descarbonization Charter (OGDC), o combate ao metano \u00e9 o \u201clow-hanging fruit\u201d (fruto mais f\u00e1cil de ser colhido) da transi\u00e7\u00e3o, pois a tecnologia j\u00e1 existe e a a\u00e7\u00e3o pode ser r\u00e1pida. Especialmente com o uso combinado de sat\u00e9lites, inspe\u00e7\u00f5es e melhorias operacionais.<\/p>\n<p>Por sua vez, S\u00e9bastien Lahouste, CEO da Fluxys Brasil, destacou que a ado\u00e7\u00e3o de padr\u00f5es globais de excel\u00eancia por grandes empresas, como os promovidos por iniciativas como OGCI, OGDC e OGMP2.0, tanto no upstream quanto no midstream, \u00e9 essencial para acelerar a descarboniza\u00e7\u00e3o.<\/p>\n<p>Sobre a OGDC houve o lan\u00e7amento do na COP 30 o Relat\u00f3rio de Status de 2025: Implementando A\u00e7\u00f5es, que destaca o \u201cprogresso acelerado e o \u00edmpeto cont\u00ednuo\u201d das a\u00e7\u00f5es das 55 empresas signat\u00e1rias.<\/p>\n<p>Fonte:\u00a0Revista Brasil Energia<\/p>\n","protected":false},"excerpt":{"rendered":"<p>O setor de \u00f3leo e g\u00e1s no Brasil mostrou avan\u00e7os no Global Methane Pledge, acordo firmado na COP26, em Glasgow, na Esc\u00f3cia, para reduzir as&#8230;<\/p>\n","protected":false},"author":1527,"featured_media":62325,"comment_status":"closed","ping_status":"closed","sticky":false,"template":"","format":"standard","meta":{"footnotes":""},"categories":[6],"tags":[],"class_list":["post-62324","post","type-post","status-publish","format-standard","has-post-thumbnail","hentry","category-noticias"],"_links":{"self":[{"href":"https:\/\/www.sincomam.org.br\/index.php\/wp-json\/wp\/v2\/posts\/62324","targetHints":{"allow":["GET"]}}],"collection":[{"href":"https:\/\/www.sincomam.org.br\/index.php\/wp-json\/wp\/v2\/posts"}],"about":[{"href":"https:\/\/www.sincomam.org.br\/index.php\/wp-json\/wp\/v2\/types\/post"}],"author":[{"embeddable":true,"href":"https:\/\/www.sincomam.org.br\/index.php\/wp-json\/wp\/v2\/users\/1527"}],"replies":[{"embeddable":true,"href":"https:\/\/www.sincomam.org.br\/index.php\/wp-json\/wp\/v2\/comments?post=62324"}],"version-history":[{"count":1,"href":"https:\/\/www.sincomam.org.br\/index.php\/wp-json\/wp\/v2\/posts\/62324\/revisions"}],"predecessor-version":[{"id":62326,"href":"https:\/\/www.sincomam.org.br\/index.php\/wp-json\/wp\/v2\/posts\/62324\/revisions\/62326"}],"wp:featuredmedia":[{"embeddable":true,"href":"https:\/\/www.sincomam.org.br\/index.php\/wp-json\/wp\/v2\/media\/62325"}],"wp:attachment":[{"href":"https:\/\/www.sincomam.org.br\/index.php\/wp-json\/wp\/v2\/media?parent=62324"}],"wp:term":[{"taxonomy":"category","embeddable":true,"href":"https:\/\/www.sincomam.org.br\/index.php\/wp-json\/wp\/v2\/categories?post=62324"},{"taxonomy":"post_tag","embeddable":true,"href":"https:\/\/www.sincomam.org.br\/index.php\/wp-json\/wp\/v2\/tags?post=62324"}],"curies":[{"name":"wp","href":"https:\/\/api.w.org\/{rel}","templated":true}]}}