{"id":62312,"date":"2025-11-18T08:51:53","date_gmt":"2025-11-18T11:51:53","guid":{"rendered":"https:\/\/www.sincomam.org.br\/?p=62312"},"modified":"2025-11-18T08:51:53","modified_gmt":"2025-11-18T11:51:53","slug":"prazo-de-envio-das-propostas-para-fpso-da-revitalizacao-de-albacora-fica-para-maio-de-2026","status":"publish","type":"post","link":"https:\/\/www.sincomam.org.br\/index.php\/prazo-de-envio-das-propostas-para-fpso-da-revitalizacao-de-albacora-fica-para-maio-de-2026\/","title":{"rendered":"Prazo de envio das propostas para FPSO da revitaliza\u00e7\u00e3o de Albacora fica para maio de 2026"},"content":{"rendered":"<p>A Petrobras decidiu postergar para 25 de maio de 2026 a data de recebimento de propostas para a constru\u00e7\u00e3o da plataforma que ir\u00e1 operar no projeto de revitaliza\u00e7\u00e3o do campo de Albacora, na Bacia de Campos. A licita\u00e7\u00e3o para contrata\u00e7\u00e3o da unidade havia sido publicada em mar\u00e7o de 2025 e o recebimento de propostas estava previsto para 15 de dezembro de 2025.<\/p>\n<p>De acordo com a companhia, a decis\u00e3o visa garantir a m\u00e1xima ader\u00eancia do projeto \u00e0s melhores pr\u00e1ticas t\u00e9cnico-econ\u00f4micas do setor, considerando o cont\u00ednuo aprimoramento das premissas e levando em conta os cen\u00e1rios de mercado. O projeto de revitaliza\u00e7\u00e3o de Albacora abrange o desenvolvimento inicial do reservat\u00f3rio de Forno (pr\u00e9-sal) e o desenvolvimento complementar dos reservat\u00f3rios de p\u00f3s-sal.<\/p>\n<p>A Petrobras det\u00e9m 100% de participa\u00e7\u00e3o no campo de Albacora, sendo o reservat\u00f3rio de Forno unitizado com o Bloco Norte de Brava, acumula\u00e7\u00e3o de Manjuba. A Pr\u00e9-Sal Petr\u00f3leo S.A. (PPSA) \u00e9 gestora do Contrato de Partilha do Norte de Brava. &#8220;A Petrobras reafirma seu compromisso com a excel\u00eancia t\u00e9cnica e a transpar\u00eancia em seus processos licitat\u00f3rios, mantendo o foco estrat\u00e9gico no desenvolvimento sustent\u00e1vel dos campos da Bacia de Campos&#8221;, informou a empresa em nota.<\/p>\n<p>Fonte: Portos e Navios<\/p>\n","protected":false},"excerpt":{"rendered":"<p>A Petrobras decidiu postergar para 25 de maio de 2026 a data de recebimento de propostas para a constru\u00e7\u00e3o da plataforma que ir\u00e1 operar no&#8230;<\/p>\n","protected":false},"author":1527,"featured_media":62313,"comment_status":"closed","ping_status":"closed","sticky":false,"template":"","format":"standard","meta":{"footnotes":""},"categories":[6],"tags":[],"class_list":["post-62312","post","type-post","status-publish","format-standard","has-post-thumbnail","hentry","category-noticias"],"_links":{"self":[{"href":"https:\/\/www.sincomam.org.br\/index.php\/wp-json\/wp\/v2\/posts\/62312","targetHints":{"allow":["GET"]}}],"collection":[{"href":"https:\/\/www.sincomam.org.br\/index.php\/wp-json\/wp\/v2\/posts"}],"about":[{"href":"https:\/\/www.sincomam.org.br\/index.php\/wp-json\/wp\/v2\/types\/post"}],"author":[{"embeddable":true,"href":"https:\/\/www.sincomam.org.br\/index.php\/wp-json\/wp\/v2\/users\/1527"}],"replies":[{"embeddable":true,"href":"https:\/\/www.sincomam.org.br\/index.php\/wp-json\/wp\/v2\/comments?post=62312"}],"version-history":[{"count":1,"href":"https:\/\/www.sincomam.org.br\/index.php\/wp-json\/wp\/v2\/posts\/62312\/revisions"}],"predecessor-version":[{"id":62314,"href":"https:\/\/www.sincomam.org.br\/index.php\/wp-json\/wp\/v2\/posts\/62312\/revisions\/62314"}],"wp:featuredmedia":[{"embeddable":true,"href":"https:\/\/www.sincomam.org.br\/index.php\/wp-json\/wp\/v2\/media\/62313"}],"wp:attachment":[{"href":"https:\/\/www.sincomam.org.br\/index.php\/wp-json\/wp\/v2\/media?parent=62312"}],"wp:term":[{"taxonomy":"category","embeddable":true,"href":"https:\/\/www.sincomam.org.br\/index.php\/wp-json\/wp\/v2\/categories?post=62312"},{"taxonomy":"post_tag","embeddable":true,"href":"https:\/\/www.sincomam.org.br\/index.php\/wp-json\/wp\/v2\/tags?post=62312"}],"curies":[{"name":"wp","href":"https:\/\/api.w.org\/{rel}","templated":true}]}}