{"id":62302,"date":"2025-11-17T11:09:43","date_gmt":"2025-11-17T14:09:43","guid":{"rendered":"https:\/\/www.sincomam.org.br\/?p=62302"},"modified":"2025-11-17T11:14:27","modified_gmt":"2025-11-17T14:14:27","slug":"dia-nacional-da-amazonia-azul-marinha-anuncia-avancos-estrategicos-e-novos-meios-navais","status":"publish","type":"post","link":"https:\/\/www.sincomam.org.br\/index.php\/dia-nacional-da-amazonia-azul-marinha-anuncia-avancos-estrategicos-e-novos-meios-navais\/","title":{"rendered":"Dia Nacional da Amaz\u00f4nia Azul: Marinha anuncia avan\u00e7os estrat\u00e9gicos e novos meios navais"},"content":{"rendered":"<p data-start=\"391\" data-end=\"889\">O\u00a0Dia Nacional da Amaz\u00f4nia Azul\u00a0ganha relev\u00e2ncia especial em 2025, com a\u00a0Marinha do Brasil\u00a0anunciando uma s\u00e9rie de avan\u00e7os estrat\u00e9gicos destinados a ampliar a presen\u00e7a, a capacidade operacional e a prote\u00e7\u00e3o dos mais de 5,7 milh\u00f5es de km\u00b2 de \u00e1guas sob jurisdi\u00e7\u00e3o brasileira. As iniciativas reveladas neste 16 de novembro refor\u00e7am a import\u00e2ncia econ\u00f4mica, ambiental e geopol\u00edtica da Amaz\u00f4nia Azul, \u00e1rea respons\u00e1vel por grande parte da energia, da conectividade e do com\u00e9rcio exterior do Pa\u00eds.<\/p>\n<h2 data-start=\"919\" data-end=\"1013\"><strong data-start=\"922\" data-end=\"1011\">Instrumentos legais, capacidades navais e expans\u00e3o estrat\u00e9gica<\/strong><\/h2>\n<p data-start=\"1014\" data-end=\"1669\">A consolida\u00e7\u00e3o da\u00a0Amaz\u00f4nia Azul\u00a0como eixo estrat\u00e9gico nacional passa por uma robusta arquitetura normativa e operacional. Em 2025, dois marcos regulat\u00f3rios redefiniram a governan\u00e7a mar\u00edtima brasileira: a\u00a0Pol\u00edtica Mar\u00edtima Nacional (PMN), que fixa diretrizes para soberania, seguran\u00e7a mar\u00edtima, prote\u00e7\u00e3o ambiental e desenvolvimento sustent\u00e1vel; e o\u00a0Planejamento Espacial Marinho (PEM), ferramenta t\u00e9cnico-cient\u00edfica que organiza, compatibiliza e regula os usos do mar, equilibrando explora\u00e7\u00e3o econ\u00f4mica, conserva\u00e7\u00e3o ambiental e interesses geopol\u00edticos. Ambos estabelecem bases modernas e integradas para a atua\u00e7\u00e3o do Estado no ambiente marinho.<\/p>\n<p data-start=\"1671\" data-end=\"2393\">No campo operacional, a Marinha ampliou substancialmente seu poder de dissuas\u00e3o e capacidade expedicion\u00e1ria. A aquisi\u00e7\u00e3o do HMS\u00a0<em data-start=\"1799\" data-end=\"1808\">Bulwark<\/em>, futuro\u00a0Navio-Doca Multiprop\u00f3sito \u201cOiapoque\u201d, representa salto significativo para opera\u00e7\u00f5es anf\u00edbias, resposta humanit\u00e1ria e apoio a desastres naturais, \u00e1reas cr\u00edticas em um litoral com mais de 8.500 km. O lan\u00e7amento da\u00a0Fragata \u201cJer\u00f4nimo de Albuquerque\u201d, a incorpora\u00e7\u00e3o do\u00a0Submarino \u201cTonelero\u201d\u00a0e o lan\u00e7amento ao mar do\u00a0Submarino \u201cAlmirante Karam\u201d\u00a0refor\u00e7am a efici\u00eancia do\u00a0PROSUB\u00a0e aumentam a presen\u00e7a brasileira em \u00e1guas profundas. Esse conjunto de meios eleva o n\u00edvel de prontid\u00e3o da Esquadra e fortalece o controle das\u00a0\u00c1guas Jurisdicionais Brasileiras (AJB).<\/p>\n<div>\n<h2 data-start=\"2400\" data-end=\"2489\"><strong data-start=\"2403\" data-end=\"2487\">Impacto econ\u00f4mico, ambiental e cient\u00edfico da Amaz\u00f4nia Azul<\/strong><\/h2>\n<p>A\u00a0Amaz\u00f4nia Azul\u00a0\u00e9 um dos maiores ativos nacionais, sustentando diretamente setores que movimentam cerca de\u00a0R$ 1,74 trilh\u00e3o\u00a0do PIB e empregam aproximadamente\u00a020 milh\u00f5es de brasileiros. A economia do mar engloba atividades portu\u00e1rias, cadeia de petr\u00f3leo e g\u00e1s, pesca, biotecnologia, transporte mar\u00edtimo e energias renov\u00e1veis. Em um pa\u00eds onde\u00a095% do com\u00e9rcio exterior\u00a0depende de rotas mar\u00edtimas e onde se produzem\u00a097% do petr\u00f3leo\u00a0e\u00a085% do g\u00e1s natural, o fortalecimento das pol\u00edticas oce\u00e2nicas \u00e9 decisivo para a estabilidade econ\u00f4mica.<\/p>\n<p>No plano ambiental e cient\u00edfico, a Marinha exerce papel crucial. O\u00a0PROARQUIPELAGO\u00a0mant\u00e9m presen\u00e7a ininterrupta no Arquip\u00e9lago de S\u00e3o Pedro e S\u00e3o Paulo, assegurando 455 mil km\u00b2 de ZEE e sustentando pesquisas oceanogr\u00e1ficas que envolvem mais de 2.000 cientistas. J\u00e1 o\u00a0Navio Polar \u201cAlmirante Saldanha\u201d, em constru\u00e7\u00e3o nacional, ampliar\u00e1 a capacidade brasileira na Ant\u00e1rtica, refor\u00e7ando a diplomacia cient\u00edfica e a presen\u00e7a estrat\u00e9gica no continente gelado. Os novos Conselhos Consultivos das \u00e1reas protegidas de Trindade, Martim Vaz e S\u00e3o Pedro e S\u00e3o Paulo fortalecem o di\u00e1logo entre governo, pesquisadores e sociedade, ampliando a governan\u00e7a ambiental em ecossistemas marinhos \u00fanicos do Atl\u00e2ntico Sul.<\/p>\n<h2 data-start=\"3760\" data-end=\"3868\"><strong data-start=\"3763\" data-end=\"3866\">Geopol\u00edtica, soberania e a consolida\u00e7\u00e3o do Brasil como pot\u00eancia mar\u00edtima<\/strong><\/h2>\n<p data-start=\"3869\" data-end=\"4467\">Celebrar o\u00a0Dia Nacional da Amaz\u00f4nia Azul\u00a0\u00e9 reafirmar que o mar constitui um dos principais vetores de soberania do Pa\u00eds. Com mais de 5,7 milh\u00f5es de km\u00b2 \u2014 \u00e1rea maior que a da Amaz\u00f4nia verde \u2014 o\u00a0Brasil\u00a0det\u00e9m uma das maiores zonas mar\u00edtimas do mundo, com potencial energ\u00e9tico, mineral, biol\u00f3gico e log\u00edstico estrat\u00e9gico. A aprova\u00e7\u00e3o pela Comiss\u00e3o de Limites da\u00a0Plataforma Continental\u00a0da ONU, garantindo ao Brasil cerca de\u00a0360 mil km\u00b2 adicionais\u00a0na Margem Equatorial, representa um dos maiores triunfos diplom\u00e1ticos da hist\u00f3ria recente e amplia a fronteira mar\u00edtima nacional de maneira in\u00e9dita.<\/p>\n<p data-start=\"3869\" data-end=\"4467\">Com programas estruturantes como\u00a0SisGAAz,\u00a0PROSUB,\u00a0PNM, constru\u00e7\u00e3o de fragatas classe Tamandar\u00e9, navios-patrulha e a moderniza\u00e7\u00e3o integral da Esquadra, o Brasil avan\u00e7a para consolidar sua posi\u00e7\u00e3o como pot\u00eancia mar\u00edtima regional. A combina\u00e7\u00e3o de ci\u00eancia, presen\u00e7a militar, pol\u00edtica externa ativa e sustentabilidade transforma a Amaz\u00f4nia Azul em um projeto nacional de longo prazo. O futuro estrat\u00e9gico, econ\u00f4mico e ambiental do Pa\u00eds passa, inevitavelmente, pela capacidade de proteger, desenvolver e compreender essa imensid\u00e3o atl\u00e2ntica.<\/p>\n<p data-start=\"3869\" data-end=\"4467\">Fonte: Defesa em Foco<\/p>\n<\/div>\n","protected":false},"excerpt":{"rendered":"<p>O\u00a0Dia Nacional da Amaz\u00f4nia Azul\u00a0ganha relev\u00e2ncia especial em 2025, com a\u00a0Marinha do Brasil\u00a0anunciando uma s\u00e9rie de avan\u00e7os estrat\u00e9gicos destinados a ampliar a presen\u00e7a, a capacidade&#8230;<\/p>\n","protected":false},"author":1527,"featured_media":62303,"comment_status":"closed","ping_status":"closed","sticky":false,"template":"","format":"standard","meta":{"footnotes":""},"categories":[6],"tags":[],"class_list":["post-62302","post","type-post","status-publish","format-standard","has-post-thumbnail","hentry","category-noticias"],"_links":{"self":[{"href":"https:\/\/www.sincomam.org.br\/index.php\/wp-json\/wp\/v2\/posts\/62302","targetHints":{"allow":["GET"]}}],"collection":[{"href":"https:\/\/www.sincomam.org.br\/index.php\/wp-json\/wp\/v2\/posts"}],"about":[{"href":"https:\/\/www.sincomam.org.br\/index.php\/wp-json\/wp\/v2\/types\/post"}],"author":[{"embeddable":true,"href":"https:\/\/www.sincomam.org.br\/index.php\/wp-json\/wp\/v2\/users\/1527"}],"replies":[{"embeddable":true,"href":"https:\/\/www.sincomam.org.br\/index.php\/wp-json\/wp\/v2\/comments?post=62302"}],"version-history":[{"count":1,"href":"https:\/\/www.sincomam.org.br\/index.php\/wp-json\/wp\/v2\/posts\/62302\/revisions"}],"predecessor-version":[{"id":62304,"href":"https:\/\/www.sincomam.org.br\/index.php\/wp-json\/wp\/v2\/posts\/62302\/revisions\/62304"}],"wp:featuredmedia":[{"embeddable":true,"href":"https:\/\/www.sincomam.org.br\/index.php\/wp-json\/wp\/v2\/media\/62303"}],"wp:attachment":[{"href":"https:\/\/www.sincomam.org.br\/index.php\/wp-json\/wp\/v2\/media?parent=62302"}],"wp:term":[{"taxonomy":"category","embeddable":true,"href":"https:\/\/www.sincomam.org.br\/index.php\/wp-json\/wp\/v2\/categories?post=62302"},{"taxonomy":"post_tag","embeddable":true,"href":"https:\/\/www.sincomam.org.br\/index.php\/wp-json\/wp\/v2\/tags?post=62302"}],"curies":[{"name":"wp","href":"https:\/\/api.w.org\/{rel}","templated":true}]}}