{"id":62298,"date":"2025-11-17T11:02:34","date_gmt":"2025-11-17T14:02:34","guid":{"rendered":"https:\/\/www.sincomam.org.br\/?p=62298"},"modified":"2025-11-17T11:02:46","modified_gmt":"2025-11-17T14:02:46","slug":"na-cop-30-empresas-do-setor-naval-sao-premiadas-com-o-selo-de-sustentabilidade","status":"publish","type":"post","link":"https:\/\/www.sincomam.org.br\/index.php\/na-cop-30-empresas-do-setor-naval-sao-premiadas-com-o-selo-de-sustentabilidade\/","title":{"rendered":"Na COP 30, empresas do setor naval s\u00e3o premiadas com o Selo de Sustentabilidade"},"content":{"rendered":"<p>Minist\u00e9rio de Portos e Aeroportos (MPor) realizou durante a Confer\u00eancia das Na\u00e7\u00f5es Unidas sobre Mudan\u00e7as Clim\u00e1ticas (COP 30), a cerim\u00f4nia de entrega do Selo de Sustentabilidade 2025, uma pol\u00edtica governamental que estimula o atendimento aos objetivos de desenvolvimento sustent\u00e1vel concedido a empresas com boas pr\u00e1ticas ambientais, sociais e de governan\u00e7a (ESG). Tamb\u00e9m foi lan\u00e7ado o livro \u201cN\u00f3s e a natureza: somos um com o planeta\u201d, da escritora Aline Campos e ilustrado por Luana Chinaglia.<\/p>\n<p>\u201cA COP 30 marca um novo cap\u00edtulo para o setor de transportes, com pol\u00edticas p\u00fablicas cada vez mais alinhadas \u00e0 agenda ESG. Estamos reconhecendo empresas que adotam pr\u00e1ticas respons\u00e1veis em portos, aeroportos e hidrovias, lan\u00e7ando uma publica\u00e7\u00e3o que inspira transforma\u00e7\u00e3o e firmando uma parceria voltada \u00e0 prote\u00e7\u00e3o de vidas. A sustentabilidade, nas pol\u00edticas do Minist\u00e9rio, significa promover desenvolvimento com equil\u00edbrio ambiental, social e econ\u00f4mico\u201d, afirmou o ministro S\u00edlvio Costa Filho.<\/p>\n<p>Participaram da solenidade o secret\u00e1rio Nacional de Hidrovias e Navega\u00e7\u00e3o, Otto Burlier, a diretora de Sustentabilidade do MPor, Larissa Amorim, e o superintendente de Gest\u00e3o Ambiental e Territorial da Infra S.A., Bruno Marques. O encontro reafirmou o compromisso do minist\u00e9rio em integrar as dimens\u00f5es ambiental e social \u00e0s pol\u00edticas p\u00fablicas e \u00e0 governan\u00e7a do transporte brasileiro.<\/p>\n<p><strong>Selo<br \/>\n<\/strong><br \/>\nA cerim\u00f4nia de entrega do Selo de Sustentabilidade marcou a consolida\u00e7\u00e3o do Pacto pela Sustentabilidade, institu\u00eddo pela Portaria n\u00ba 58\/2025. A iniciativa reconhece e estimula organiza\u00e7\u00f5es do setor a adotarem boas pr\u00e1ticas ambientais, sociais e de governan\u00e7a (ESG) em suas opera\u00e7\u00f5es.<\/p>\n<p>As empresas inscritas apresentaram planos de a\u00e7\u00e3o baseados nos eixos Meio Ambiente, Desenvolvimento Social e Governan\u00e7a, avaliados tecnicamente pelo MPor. De acordo com o desempenho obtido, as organiza\u00e7\u00f5es receberam o selo nas categorias Bronze, Prata, ou Diamante. Nesta primeira edi\u00e7\u00e3o, 63 empresas participaram do programa e 36 foram premiadas.<\/p>\n<p>\u201cO selo \u00e9 um incentivo para que as empresas aprofundem seus compromissos com o desenvolvimento sustent\u00e1vel. Mais do que uma certifica\u00e7\u00e3o, ele simboliza uma mudan\u00e7a de cultura em que pr\u00e1ticas ambientais, sociais e de governan\u00e7a passam a fazer parte da estrat\u00e9gia de gest\u00e3o e das opera\u00e7\u00f5es do setor\u201d, destacou Larissa Amorim, diretora de Sustentabilidade do MPor.<\/p>\n<p><strong>Empresas premiadas<br \/>\n<\/strong><br \/>\n<strong>Categoria Diamante:<\/strong>\u00a0Brasil Terminal Portu\u00e1rio (BTP); Cargill; Cattalini; Eldorado; Ferroport; Maersk; Porto do A\u00e7u; Porto Itapo\u00e1; Porto Sudeste; Portonave; Santos Brasil; Super Terminais; Tesc \u2013 Terminal Santa Catarina; Transpetro; Ultracargo; Vast Infraestrutura; Viracopos; VLI; VPorts; Wilson Sons; Suape.<\/p>\n<p><strong>Categoria Prata:<\/strong>\u00a0EMAP; Intermar\u00edtima; Login; Portos do Paran\u00e1; Tecon Suape.<\/p>\n<p><strong>Categoria Bronze:<\/strong>\u00a0Autoridade Portu\u00e1ria de Santos; Bunker One; CLI; Companhia Auxiliar de Armaz\u00e9ns Gerais Copersucar; Complexo do Pec\u00e9m; Infraero; Inframerica; SPE Novo Norte NOA; TCP \u2013 Terminal de Cont\u00eaineres de Paranagu\u00e1; Motiva.<\/p>\n<p><strong>Conscientiza\u00e7\u00e3o<br \/>\n<\/strong><br \/>\nComo parte da Pol\u00edtica de Sustentabilidade do MPor, o livro \u201cN\u00f3s e a natureza: somos um com o planeta\u201d, lan\u00e7ado durante o evento, tem como prop\u00f3sito promover a conscientiza\u00e7\u00e3o sobre a urg\u00eancia clim\u00e1tica, valorizando o meio ambiente com a educa\u00e7\u00e3o e da sensibiliza\u00e7\u00e3o de crian\u00e7as, fam\u00edlias e comunidades. A obra refor\u00e7a a import\u00e2ncia da colabora\u00e7\u00e3o e da inova\u00e7\u00e3o como pilares de um futuro mais sustent\u00e1vel, inclusivo e socialmente respons\u00e1vel.<\/p>\n<p>O conte\u00fado poder\u00e1 ser acessado pelo\u00a0<a class=\"internal-link\" title=\"\" href=\"https:\/\/www.gov.br\/portos-e-aeroportos\/pt-br\/EbookNseanaturezasomosumcomoplaneta_compressed.pdf\" target=\"_self\" data-tippreview-image=\"\" data-tippreview-title=\"\" data-tippreview-enabled=\"false\">link<\/a>, e a publica\u00e7\u00e3o estar\u00e1 dispon\u00edvel em formato digital, acess\u00edvel por meio de QR Code, ampliando seu alcance e incentivando a leitura sustent\u00e1vel.<\/p>\n<p>Fonte: Minist\u00e9rio de Portos e Aeroportos<\/p>\n","protected":false},"excerpt":{"rendered":"<p>Minist\u00e9rio de Portos e Aeroportos (MPor) realizou durante a Confer\u00eancia das Na\u00e7\u00f5es Unidas sobre Mudan\u00e7as Clim\u00e1ticas (COP 30), a cerim\u00f4nia de entrega do Selo de&#8230;<\/p>\n","protected":false},"author":1527,"featured_media":62299,"comment_status":"closed","ping_status":"closed","sticky":false,"template":"","format":"standard","meta":{"footnotes":""},"categories":[6],"tags":[],"class_list":["post-62298","post","type-post","status-publish","format-standard","has-post-thumbnail","hentry","category-noticias"],"_links":{"self":[{"href":"https:\/\/www.sincomam.org.br\/index.php\/wp-json\/wp\/v2\/posts\/62298","targetHints":{"allow":["GET"]}}],"collection":[{"href":"https:\/\/www.sincomam.org.br\/index.php\/wp-json\/wp\/v2\/posts"}],"about":[{"href":"https:\/\/www.sincomam.org.br\/index.php\/wp-json\/wp\/v2\/types\/post"}],"author":[{"embeddable":true,"href":"https:\/\/www.sincomam.org.br\/index.php\/wp-json\/wp\/v2\/users\/1527"}],"replies":[{"embeddable":true,"href":"https:\/\/www.sincomam.org.br\/index.php\/wp-json\/wp\/v2\/comments?post=62298"}],"version-history":[{"count":2,"href":"https:\/\/www.sincomam.org.br\/index.php\/wp-json\/wp\/v2\/posts\/62298\/revisions"}],"predecessor-version":[{"id":62301,"href":"https:\/\/www.sincomam.org.br\/index.php\/wp-json\/wp\/v2\/posts\/62298\/revisions\/62301"}],"wp:featuredmedia":[{"embeddable":true,"href":"https:\/\/www.sincomam.org.br\/index.php\/wp-json\/wp\/v2\/media\/62299"}],"wp:attachment":[{"href":"https:\/\/www.sincomam.org.br\/index.php\/wp-json\/wp\/v2\/media?parent=62298"}],"wp:term":[{"taxonomy":"category","embeddable":true,"href":"https:\/\/www.sincomam.org.br\/index.php\/wp-json\/wp\/v2\/categories?post=62298"},{"taxonomy":"post_tag","embeddable":true,"href":"https:\/\/www.sincomam.org.br\/index.php\/wp-json\/wp\/v2\/tags?post=62298"}],"curies":[{"name":"wp","href":"https:\/\/api.w.org\/{rel}","templated":true}]}}