{"id":62295,"date":"2025-11-17T10:39:14","date_gmt":"2025-11-17T13:39:14","guid":{"rendered":"https:\/\/www.sincomam.org.br\/?p=62295"},"modified":"2025-11-17T10:39:14","modified_gmt":"2025-11-17T13:39:14","slug":"novo-indicador-avalia-praticas-ambientais-na-navegacao-nacional","status":"publish","type":"post","link":"https:\/\/www.sincomam.org.br\/index.php\/novo-indicador-avalia-praticas-ambientais-na-navegacao-nacional\/","title":{"rendered":"Novo indicador avalia pr\u00e1ticas ambientais na navega\u00e7\u00e3o nacional"},"content":{"rendered":"<p>O\u00a0Minist\u00e9rio de Portos e Aeroportos (MPor)\u00a0e a\u00a0Infra S.A. lan\u00e7aram o \u00cdndice de Desempenho Ambiental da Navega\u00e7\u00e3o (IDA-Navega\u00e7\u00e3o), ferramenta voltada \u00e0 avalia\u00e7\u00e3o de pr\u00e1ticas sustent\u00e1veis no transporte aquavi\u00e1rio. O lan\u00e7amento ocorreu durante a\u00a030\u00aa Confer\u00eancia das Na\u00e7\u00f5es Unidas sobre Mudan\u00e7as Clim\u00e1ticas (COP30), em Bel\u00e9m.<\/p>\n<p>O\u00a0IDA-Navega\u00e7\u00e3o\u00a0tem como objetivo medir o n\u00edvel de sustentabilidade de empresas e embarca\u00e7\u00f5es que atuam na\u00a0navega\u00e7\u00e3o interior e costeira, promovendo\u00a0efici\u00eancia energ\u00e9tica,\u00a0redu\u00e7\u00e3o de emiss\u00f5es\u00a0e\u00a0prote\u00e7\u00e3o dos ecossistemas aqu\u00e1ticos. O instrumento foi desenvolvido pelo MPor, por meio da\u00a0Diretoria de Sustentabilidade, com\u00a0apoio t\u00e9cnico da Infra S.A.<\/p>\n<p>O\u00a0secret\u00e1rio Nacional de Hidrovias e Navega\u00e7\u00e3o, Otto Burnier, afirmou que o \u00edndice refor\u00e7a o compromisso do governo federal com a moderniza\u00e7\u00e3o do transporte aquavi\u00e1rio.<\/p>\n<p>\u201cO IDA-Navega\u00e7\u00e3o representa um salto de qualidade na gest\u00e3o ambiental da navega\u00e7\u00e3o brasileira. \u00c9 uma ferramenta que une rigor t\u00e9cnico, transpar\u00eancia e incentivo \u00e0 inova\u00e7\u00e3o, permitindo que o setor avance de forma sustent\u00e1vel e competitiva\u201d,\u00a0disse.<\/p>\n<p>A\u00a0diretora de Sustentabilidade do MPor, Larissa Amorin, destacou que o \u00edndice integra o Brasil \u00e0s metas globais da\u00a0Organiza\u00e7\u00e3o Mar\u00edtima Internacional (IMO)\u00a0e fortalece a\u00a0economia azul.<\/p>\n<p>\u201cO IDA-Navega\u00e7\u00e3o \u00e9 mais um mecanismo criado para incentivar a sustentabilidade na navega\u00e7\u00e3o. Nosso objetivo \u00e9 amplificar o potencial sustent\u00e1vel da log\u00edstica aquavi\u00e1ria brasileira, colocando o MPor como refer\u00eancia na agenda global de transi\u00e7\u00e3o ecol\u00f3gica\u201d,\u00a0afirmou.<\/p>\n<p>O\u00a0superintendente de Gest\u00e3o Ambiental e Territorial da Infra S.A., Bruno Marques, ressaltou a import\u00e2ncia da coopera\u00e7\u00e3o entre as institui\u00e7\u00f5es.<\/p>\n<p>\u201cN\u00f3s da Infra S.A. ficamos honrados com essa miss\u00e3o. O IDA j\u00e1 era usado para outros meios de transporte, mas faltava o da navega\u00e7\u00e3o. Esperamos que seja uma ferramenta amplamente utilizada para impulsionar as iniciativas de sustentabilidade\u201d,\u00a0declarou.<\/p>\n<h3>Metodologia do \u00edndice<\/h3>\n<p>O\u00a0IDA-Navega\u00e7\u00e3o\u00a0utiliza\u00a039 indicadores, distribu\u00eddos em\u00a0quatro dimens\u00f5es principais, com pesos e comprova\u00e7\u00f5es t\u00e9cnicas espec\u00edficas. As empresas ser\u00e3o avaliadas com base em evid\u00eancias documentais e t\u00e9cnicas, recebendo uma pontua\u00e7\u00e3o final que as classificar\u00e1 em faixas de desempenho.<\/p>\n<p>Os resultados ser\u00e3o\u00a0publicados\u00a0e funcionar\u00e3o como um\u00a0instrumento de transpar\u00eancia e padroniza\u00e7\u00e3o de pr\u00e1ticas ESG\u00a0(ambientais, sociais e de governan\u00e7a) no setor de navega\u00e7\u00e3o.<\/p>\n<p>Larissa Amorin informou que o MPor pretende realizar uma\u00a0premia\u00e7\u00e3o anual\u00a0para reconhecer as empresas com melhor desempenho.<\/p>\n<p>\u201cO setor tamb\u00e9m ser\u00e1 premiado. Teremos uma premia\u00e7\u00e3o para navega\u00e7\u00e3o no pr\u00f3ximo ano\u201d,\u00a0concluiu.<\/p>\n<p>Fonte: JP News Manaus<\/p>\n","protected":false},"excerpt":{"rendered":"<p>O\u00a0Minist\u00e9rio de Portos e Aeroportos (MPor)\u00a0e a\u00a0Infra S.A. lan\u00e7aram o \u00cdndice de Desempenho Ambiental da Navega\u00e7\u00e3o (IDA-Navega\u00e7\u00e3o), ferramenta voltada \u00e0 avalia\u00e7\u00e3o de pr\u00e1ticas sustent\u00e1veis no&#8230;<\/p>\n","protected":false},"author":1527,"featured_media":62296,"comment_status":"closed","ping_status":"closed","sticky":false,"template":"","format":"standard","meta":{"footnotes":""},"categories":[6],"tags":[],"class_list":["post-62295","post","type-post","status-publish","format-standard","has-post-thumbnail","hentry","category-noticias"],"_links":{"self":[{"href":"https:\/\/www.sincomam.org.br\/index.php\/wp-json\/wp\/v2\/posts\/62295","targetHints":{"allow":["GET"]}}],"collection":[{"href":"https:\/\/www.sincomam.org.br\/index.php\/wp-json\/wp\/v2\/posts"}],"about":[{"href":"https:\/\/www.sincomam.org.br\/index.php\/wp-json\/wp\/v2\/types\/post"}],"author":[{"embeddable":true,"href":"https:\/\/www.sincomam.org.br\/index.php\/wp-json\/wp\/v2\/users\/1527"}],"replies":[{"embeddable":true,"href":"https:\/\/www.sincomam.org.br\/index.php\/wp-json\/wp\/v2\/comments?post=62295"}],"version-history":[{"count":1,"href":"https:\/\/www.sincomam.org.br\/index.php\/wp-json\/wp\/v2\/posts\/62295\/revisions"}],"predecessor-version":[{"id":62297,"href":"https:\/\/www.sincomam.org.br\/index.php\/wp-json\/wp\/v2\/posts\/62295\/revisions\/62297"}],"wp:featuredmedia":[{"embeddable":true,"href":"https:\/\/www.sincomam.org.br\/index.php\/wp-json\/wp\/v2\/media\/62296"}],"wp:attachment":[{"href":"https:\/\/www.sincomam.org.br\/index.php\/wp-json\/wp\/v2\/media?parent=62295"}],"wp:term":[{"taxonomy":"category","embeddable":true,"href":"https:\/\/www.sincomam.org.br\/index.php\/wp-json\/wp\/v2\/categories?post=62295"},{"taxonomy":"post_tag","embeddable":true,"href":"https:\/\/www.sincomam.org.br\/index.php\/wp-json\/wp\/v2\/tags?post=62295"}],"curies":[{"name":"wp","href":"https:\/\/api.w.org\/{rel}","templated":true}]}}